{"id":21733,"date":"2026-07-08T08:06:00","date_gmt":"2026-07-08T11:06:00","guid":{"rendered":"https:\/\/blogs.correiobraziliense.com.br\/servidor\/?p=21733"},"modified":"2026-07-08T08:06:00","modified_gmt":"2026-07-08T11:06:00","slug":"tesouro-tem-alerta-de-deficit-aprovados-pedem-nomeacoes","status":"publish","type":"post","link":"https:\/\/blogs.correiobraziliense.com.br\/servidor\/tesouro-tem-alerta-de-deficit-aprovados-pedem-nomeacoes\/","title":{"rendered":"Tesouro tem alerta de d\u00e9ficit; aprovados pedem nomea\u00e7\u00f5es"},"content":{"rendered":"<p><em><strong>Por Nathallie Lopes\u00a0<\/strong><\/em><\/p>\n<p>A poucos\u00a0 meses do fim da validade do concurso para Auditor Federal de Fina\u00e7as e Controle (AFFC), candidatos aprovados al\u00e9m das vagas previstas no edital intensificam a mobiliza\u00e7\u00e3o para que o governo federal autorize novas nomea\u00e7\u00f5es. A reinvidica\u00e7\u00e3o \u00e9 sustentada, segundo a comiss\u00e3o, pela necessidade de recomposi\u00e7\u00e3o do quadro de servidores da Secretaria do Tesouro Nacional (STN).<\/p>\n<p><span style=\"font-weight: 400\">Documentos internos da pr\u00f3pria STN refor\u00e7am a preocupa\u00e7\u00e3o com a for\u00e7a de trabalho do \u00f3rg\u00e3o. Um of\u00edcio da Coordena\u00e7\u00e3o-Geral de Sistemas e Tecnologia da Informa\u00e7\u00e3o (COSIS) registra insufici\u00eancia de pessoal, dificuldades para reten\u00e7\u00e3o de servidores e alerta para riscos \u00e0 continuidade de servi\u00e7os considerados estrat\u00e9gicos, como a sustenta\u00e7\u00e3o do Sistema Integrado de Administra\u00e7\u00e3o Financeira do Governo Federal (Siafi), projetos de intelig\u00eancia artificial, seguran\u00e7a da informa\u00e7\u00e3o e infraestrutura tecnol\u00f3gica.<\/span><\/p>\n<p><span style=\"font-weight: 400\">O documento afirma que, caso o cen\u00e1rio persista, a \u00e1rea poder\u00e1 operar com cerca de 60% do efetivo registrado em 2015, comprometendo a sustenta\u00e7\u00e3o e a evolu\u00e7\u00e3o de sistemas cr\u00edticos, al\u00e9m de ampliar riscos relacionados \u00e0 seguran\u00e7a da informa\u00e7\u00e3o e \u00e0 perda de conhecimento institucional decorrente da sa\u00edda de servidores experientes.<\/span><\/p>\n<p><span style=\"font-weight: 400\">O concurso, regido pelo Edital n\u00ba 1\/2024, ofereceu inicialmente 40 vagas imediatas e ter\u00e1 validade encerrada em 27 de setembro de 2026, sem possibilidade de prorroga\u00e7\u00e3o. Segundo a Comiss\u00e3o de Aprovados, outros 81 candidatos aprovados fora das vagas iniciais aguardam eventual convoca\u00e7\u00e3o.<\/span><\/p>\n<p><span style=\"font-weight: 400\">Ainda de acordo com a comiss\u00e3o, a STN encaminhou ao Minist\u00e9rio da Gest\u00e3o e da Inova\u00e7\u00e3o em Servi\u00e7os P\u00fablicos (MGI), em 8 de maio deste ano, pedido para nomea\u00e7\u00e3o de 85 aprovados excedentes, por meio do processo SEI n\u00ba 17944.001630\/2026-91. A solicita\u00e7\u00e3o, segundo o grupo, tamb\u00e9m teria sido confirmada pelo secret\u00e1rio do Tesouro Nacional, Daniel Leal, durante reuni\u00e3o realizada em 21 de maio.<\/span><\/p>\n<p><span style=\"font-weight: 400\">Os aprovados argumentam que a necessidade de refor\u00e7o no quadro de pessoal decorre do longo per\u00edodo sem concursos p\u00fablicos para a carreira. Antes da sele\u00e7\u00e3o de 2024, o Tesouro Nacional havia permanecido cerca de 12 anos sem realizar novo certame. Ainda segundo a comiss\u00e3o, o \u00f3rg\u00e3o chegou a solicitar autoriza\u00e7\u00e3o para 120 vagas, mas recebeu autoriza\u00e7\u00e3o inicial para apenas 40.<\/span><\/p>\n<p><span style=\"font-weight: 400\">Segundo a Comiss\u00e3o de Aprovados, embora o Tesouro tenha solicitado a nomea\u00e7\u00e3o de todos os excedentes, o decreto publicado em 29 de junho autorizou apenas 10 novas vagas para a carreira. O grupo tamb\u00e9m afirma que, conforme entendimento da Procuradoria-Geral da Fazenda Nacional (PGFN), ainda seria poss\u00edvel nomear aprovados at\u00e9 o encerramento da validade do concurso, em 27 de setembro, j\u00e1 que a homologa\u00e7\u00e3o ocorreu antes do in\u00edcio das restri\u00e7\u00f5es do per\u00edodo eleitoral.<\/span><\/p>\n<p><span style=\"font-weight: 400\">A comiss\u00e3o tamb\u00e9m cita precedente semelhante. Em 2015, o ent\u00e3o Minist\u00e9rio do Planejamento autorizou a nomea\u00e7\u00e3o de 85 candidatos aprovados al\u00e9m das vagas inicialmente previstas para o cargo de Analista de Finan\u00e7as e Controle, posteriormente distribu\u00eddos entre \u00f3rg\u00e3os do ent\u00e3o Minist\u00e9rio da Fazenda.<\/span><\/p>\n<figure id=\"attachment_21739\" aria-describedby=\"caption-attachment-21739\" style=\"width: 465px\" class=\"wp-caption aligncenter\"><a href=\"https:\/\/blogs.correiobraziliense.com.br\/servidor\/wp-content\/uploads\/sites\/10\/2026\/07\/comiss\u00e3o.jpeg\"><img loading=\"lazy\" decoding=\"async\" class=\" wp-image-21739\" src=\"https:\/\/blogs.correiobraziliense.com.br\/servidor\/wp-content\/uploads\/sites\/10\/2026\/07\/comiss\u00e3o-300x180.jpeg\" alt=\"\" width=\"465\" height=\"279\" srcset=\"https:\/\/blogs.correiobraziliense.com.br\/servidor\/wp-content\/uploads\/sites\/10\/2026\/07\/comiss\u00e3o-300x180.jpeg 300w, https:\/\/blogs.correiobraziliense.com.br\/servidor\/wp-content\/uploads\/sites\/10\/2026\/07\/comiss\u00e3o-768x462.jpeg 768w, https:\/\/blogs.correiobraziliense.com.br\/servidor\/wp-content\/uploads\/sites\/10\/2026\/07\/comiss\u00e3o-1024x616.jpeg 1024w, https:\/\/blogs.correiobraziliense.com.br\/servidor\/wp-content\/uploads\/sites\/10\/2026\/07\/comiss\u00e3o-1440x866.jpeg 1440w, https:\/\/blogs.correiobraziliense.com.br\/servidor\/wp-content\/uploads\/sites\/10\/2026\/07\/comiss\u00e3o-800x481.jpeg 800w, https:\/\/blogs.correiobraziliense.com.br\/servidor\/wp-content\/uploads\/sites\/10\/2026\/07\/comiss\u00e3o-550x331.jpeg 550w, https:\/\/blogs.correiobraziliense.com.br\/servidor\/wp-content\/uploads\/sites\/10\/2026\/07\/comiss\u00e3o-230x138.jpeg 230w\" sizes=\"auto, (max-width: 465px) 100vw, 465px\" \/><\/a><figcaption id=\"caption-attachment-21739\" class=\"wp-caption-text\">Na imagem, nas duas extremidades est\u00e3o os membros da Comiss\u00e3o: Stephane \u00c2ngela e Andr\u00e9 Augusto. No centro, ao lado da Stephane, est\u00e1 o Presidente da UNACON (Rudinei Marques), sindicato dos auditores e t\u00e9cnicos federais de finan\u00e7as e controle e de gravata amarela,\u00a0Luiz Alberto Marques, diretor de comunica\u00e7\u00e3o do Sindicato, AFFC da STN \u2014 Cr\u00e9dito: Material cedido ao Correio<\/figcaption><\/figure>\n<h2><strong>Especialista aponta impactos da falta de reposi\u00e7\u00e3o<\/strong><\/h2>\n<p><span style=\"font-weight: 400\">Para o professor Francisco Ant\u00f4nio Coelho J\u00fanior, do Departamento de Administra\u00e7\u00e3o da Universidade de Bras\u00edlia (UnB), a Secretaria do Tesouro Nacional exerce papel estrat\u00e9gico para o funcionamento da administra\u00e7\u00e3o p\u00fablica.<\/span><\/p>\n<p><span style=\"font-weight: 400\">&#8220;O Tesouro faz a gest\u00e3o dos recursos arrecadados pelo governo federal, administra o or\u00e7amento p\u00fablico, a d\u00edvida p\u00fablica, a contabilidade da Uni\u00e3o e acompanha a aplica\u00e7\u00e3o dos recursos. Tamb\u00e9m exerce papel importante na transpar\u00eancia, no monitoramento e na fiscaliza\u00e7\u00e3o do uso do dinheiro p\u00fablico&#8221;, explica ao <\/span><b>Correio<\/b><span style=\"font-weight: 400\">.<\/span><\/p>\n<p><span style=\"font-weight: 400\">Na avalia\u00e7\u00e3o do especialista, a falta de reposi\u00e7\u00e3o de servidores pode gerar consequ\u00eancias que v\u00e3o al\u00e9m da redu\u00e7\u00e3o do quadro funcional.<\/span><\/p>\n<p><span style=\"font-weight: 400\">&#8220;Quando se tem uma alta rotatividade de servidores, perde-se muito da gest\u00e3o do conhecimento. A cultura organizacional se fragiliza e o trabalho acaba sendo redistribu\u00eddo entre equipes menores. Sem reposi\u00e7\u00e3o, h\u00e1 sobrecarga de trabalho, aumento do estresse, risco de burnout e at\u00e9 crescimento dos afastamentos por quest\u00f5es de sa\u00fade mental&#8221;, afirma.<\/span><\/p>\n<p><span style=\"font-weight: 400\">Segundo o professor, o envelhecimento do funcionalismo e a perspectiva de aposentadorias tornam ainda mais importante o planejamento da for\u00e7a de trabalho na administra\u00e7\u00e3o p\u00fablica.<\/span><\/p>\n<p><span style=\"font-weight: 400\">Ele ressalta que decis\u00f5es sobre abertura de concursos e provimento de cargos estrat\u00e9gicos devem ser pautadas principalmente por crit\u00e9rios t\u00e9cnicos e pelo interesse p\u00fablico.<\/span><\/p>\n<p><span style=\"font-weight: 400\">&#8220;\u00c9 preciso avaliar qual \u00e9 o real interesse da administra\u00e7\u00e3o p\u00fablica e da sociedade. O componente pol\u00edtico existe e faz parte do processo decis\u00f3rio, mas \u00e9 importante que haja equil\u00edbrio para que as necessidades t\u00e9cnicas dos \u00f3rg\u00e3os tamb\u00e9m sejam consideradas&#8221;, diz.\u00a0<\/span><\/p>\n<h2><strong>Governo n\u00e3o comenta caso espec\u00edfico\u00a0<\/strong><\/h2>\n<p><span style=\"font-weight: 400\">Procurado pelo <\/span><b>Correio<\/b><span style=\"font-weight: 400\">, o Tesouro Nacional n\u00e3o comentou os questionamentos sobre o pedido de novas nomea\u00e7\u00f5es e informou apenas que a demanda deveria ser encaminhada ao Minist\u00e9rio da Gest\u00e3o e da Inova\u00e7\u00e3o em Servi\u00e7os P\u00fablicos (MGI).<\/span><\/p>\n<p><span style=\"font-weight: 400\">Em nota, o MGI afirmou que os pedidos de autoriza\u00e7\u00e3o de novos concursos e de provimento de vagas s\u00e3o analisados considerando as prioridades governamentais, a disponibilidade or\u00e7ament\u00e1ria, a necessidade de cada \u00f3rg\u00e3o e o atendimento dos requisitos legais. O minist\u00e9rio acrescentou que as autoriza\u00e7\u00f5es s\u00e3o divulgadas por meio de publica\u00e7\u00e3o no Di\u00e1rio Oficial da Uni\u00e3o (DOU), mas n\u00e3o comentou especificamente o pedido encaminhado pela Secretaria do Tesouro Nacional para convoca\u00e7\u00e3o dos aprovados excedentes.<\/span><\/p>\n","protected":false},"excerpt":{"rendered":"<p>Com concurso perto do fim da validade, comiss\u00e3o de aprovados cobra convoca\u00e7\u00e3o de excedentes; documentos internos apontam insufici\u00eancia de pessoal<\/p>\n","protected":false},"author":172,"featured_media":11356,"comment_status":"open","ping_status":"closed","sticky":false,"template":"","format":"standard","meta":{"footnotes":""},"categories":[19524,19497,2719,19512],"tags":[234,93,1851,307,122,575,1579,964,593],"class_list":["post-21733","post","type-post","status-publish","format-standard","has-post-thumbnail","hentry","category-governo-federal","category-servico-publico","category-servidor","category-servidores-publicos","tag-aprovados","tag-concurso","tag-concurso-publico","tag-nomeacao","tag-nomeacoes","tag-servico-publico","tag-servidores-publicos","tag-tesouro","tag-tesouro-nacional"],"_links":{"self":[{"href":"https:\/\/blogs.correiobraziliense.com.br\/servidor\/wp-json\/wp\/v2\/posts\/21733","targetHints":{"allow":["GET"]}}],"collection":[{"href":"https:\/\/blogs.correiobraziliense.com.br\/servidor\/wp-json\/wp\/v2\/posts"}],"about":[{"href":"https:\/\/blogs.correiobraziliense.com.br\/servidor\/wp-json\/wp\/v2\/types\/post"}],"author":[{"embeddable":true,"href":"https:\/\/blogs.correiobraziliense.com.br\/servidor\/wp-json\/wp\/v2\/users\/172"}],"replies":[{"embeddable":true,"href":"https:\/\/blogs.correiobraziliense.com.br\/servidor\/wp-json\/wp\/v2\/comments?post=21733"}],"version-history":[{"count":6,"href":"https:\/\/blogs.correiobraziliense.com.br\/servidor\/wp-json\/wp\/v2\/posts\/21733\/revisions"}],"predecessor-version":[{"id":21744,"href":"https:\/\/blogs.correiobraziliense.com.br\/servidor\/wp-json\/wp\/v2\/posts\/21733\/revisions\/21744"}],"wp:featuredmedia":[{"embeddable":true,"href":"https:\/\/blogs.correiobraziliense.com.br\/servidor\/wp-json\/wp\/v2\/media\/11356"}],"wp:attachment":[{"href":"https:\/\/blogs.correiobraziliense.com.br\/servidor\/wp-json\/wp\/v2\/media?parent=21733"}],"wp:term":[{"taxonomy":"category","embeddable":true,"href":"https:\/\/blogs.correiobraziliense.com.br\/servidor\/wp-json\/wp\/v2\/categories?post=21733"},{"taxonomy":"post_tag","embeddable":true,"href":"https:\/\/blogs.correiobraziliense.com.br\/servidor\/wp-json\/wp\/v2\/tags?post=21733"}],"curies":[{"name":"wp","href":"https:\/\/api.w.org\/{rel}","templated":true}]}}