{"id":21721,"date":"2026-07-01T21:48:42","date_gmt":"2026-07-02T00:48:42","guid":{"rendered":"https:\/\/blogs.correiobraziliense.com.br\/servidor\/?p=21721"},"modified":"2026-07-07T18:18:58","modified_gmt":"2026-07-07T21:18:58","slug":"estagios-federais-passam-a-ter-cotas-para-indigenas-e-quilombolas","status":"publish","type":"post","link":"https:\/\/blogs.correiobraziliense.com.br\/servidor\/estagios-federais-passam-a-ter-cotas-para-indigenas-e-quilombolas\/","title":{"rendered":"Est\u00e1gios federais passam a ter cotas para ind\u00edgenas e quilombolas"},"content":{"rendered":"<p><span style=\"font-weight: 400\"><strong>Por Nathallie Lopes \u2014<\/strong> A nova pol\u00edtica de reserva de vagas para estudantes ind\u00edgenas e quilombolas nos programas de est\u00e1gio da administra\u00e7\u00e3o p\u00fablica federal representa um novo passo na estrat\u00e9gia do governo de ampliar a diversidade dentro do Executivo. Mais do que garantir oportunidades durante a gradua\u00e7\u00e3o, a iniciativa busca aproximar esses estudantes do funcionamento do Estado e ampliar o acesso a experi\u00eancias profissionais no setor p\u00fablico. O novo <a href=\"https:\/\/legis.sigepe.gov.br\/legis\/detalhar\/24865\">normativo,<\/a>\u00a0que j\u00e1 est\u00e1 em vigor, estabelece a reserva de 10% para pessoas com defici\u00eancia, 3% para ind\u00edgenas e 2% para quilombolas.<\/span><\/p>\n<p><span style=\"font-weight: 400\">A medida, anunciada pelo Minist\u00e9rio da Gest\u00e3o e da Inova\u00e7\u00e3o em Servi\u00e7os P\u00fablicos (MGI), foi um dos principais temas debatidos durante o Semin\u00e1rio Nacional sobre Est\u00e1gio na Administra\u00e7\u00e3o P\u00fablica Federal, realizado na \u00faltima semana. O encontro reuniu gestores, especialistas e representantes da sociedade civil para discutir o fortalecimento dos programas de est\u00e1gio e a amplia\u00e7\u00e3o do acesso de grupos historicamente subrepresentados.<\/span><\/p>\n<p><span style=\"font-weight: 400\">Na pr\u00e1tica, a nova norma inclui estudantes ind\u00edgenas e quilombolas na pol\u00edtica de reserva de vagas dos processos seletivos de est\u00e1gio realizados pelos \u00f3rg\u00e3os e entidades da administra\u00e7\u00e3o p\u00fablica federal. A expectativa do governo \u00e9 tornar os programas de est\u00e1gio mais representativos da diversidade da popula\u00e7\u00e3o brasileira e ampliar o acesso desses estudantes a experi\u00eancias profissionais dentro do setor p\u00fablico.<\/span><\/p>\n<p><span style=\"font-weight: 400\">Embora o Brasil j\u00e1 adote pol\u00edticas de a\u00e7\u00f5es afirmativas nos concursos p\u00fablicos, a reserva de vagas para est\u00e1gios atua em um momento diferente da forma\u00e7\u00e3o profissional. Enquanto o concurso representa a porta de entrada para a carreira p\u00fablica, o est\u00e1gio permite que estudantes conhe\u00e7am a rotina da administra\u00e7\u00e3o p\u00fablica, desenvolvam experi\u00eancia pr\u00e1tica e fortale\u00e7am sua forma\u00e7\u00e3o ainda durante a gradua\u00e7\u00e3o.<\/span><\/p>\n<h2><b>Mais do que uma oportunidade de est\u00e1gio<\/b><\/h2>\n<p><span style=\"font-weight: 400\">Para a estudante ind\u00edgena Niara Nukini, de 32 anos, aluna de Antropologia da Universidade de Bras\u00edlia (UnB) e do s\u00e9timo semestre de Administra\u00e7\u00e3o, na modalidade a dist\u00e2ncia, essa oportunidade parecia distante antes da cria\u00e7\u00e3o da nova pol\u00edtica.<\/span><\/p>\n<p><span style=\"font-weight: 400\">&#8220;Sinceramente, eu achava muito dif\u00edcil. Muitas vezes n\u00f3s, estudantes ind\u00edgenas, sentimos que esses espa\u00e7os n\u00e3o foram pensados para n\u00f3s. Faltava oportunidade e tamb\u00e9m incentivo para acreditar que poder\u00edamos ocupar esses lugares&#8221;, afirma ao <strong>Correio<\/strong>.<\/span><\/p>\n<p><span style=\"font-weight: 400\">Segundo ela, a reserva de vagas representa mais do que uma oportunidade de est\u00e1gio.<\/span><\/p>\n<p><span style=\"font-weight: 400\">&#8220;A cria\u00e7\u00e3o da reserva de vagas trouxe mais esperan\u00e7a. Ela mostra que o Estado est\u00e1 reconhecendo a import\u00e2ncia da diversidade e criando condi\u00e7\u00f5es para que estudantes ind\u00edgenas tamb\u00e9m tenham acesso a esses espa\u00e7os de forma\u00e7\u00e3o e trabalho&#8221;, diz.<\/span><\/p>\n<p><span style=\"font-weight: 400\">Niara afirma que pretende participar dos pr\u00f3ximos processos seletivos. Al\u00e9m de contribuir para sua forma\u00e7\u00e3o em Administra\u00e7\u00e3o, ela v\u00ea no est\u00e1gio uma oportunidade de adquirir experi\u00eancia profissional.<\/span><\/p>\n<p><span style=\"font-weight: 400\">&#8220;Preciso estagiar na \u00e1rea de Administra\u00e7\u00e3o para cumprir a forma\u00e7\u00e3o e adquirir experi\u00eancia para o curr\u00edculo&#8221;, conta. Ela mora com a m\u00e3e e a filha adolescente e considera a oportunidade importante tamb\u00e9m para sua trajet\u00f3ria profissional.<\/span><\/p>\n<p><span style=\"font-weight: 400\">Apesar de considerar a medida um avan\u00e7o, a estudante avalia que ela precisa ser acompanhada por outras pol\u00edticas voltadas \u00e0 perman\u00eancia dos estudantes ind\u00edgenas no ensino superior.<\/span><\/p>\n<p><span style=\"font-weight: 400\">&#8220;Os principais desafios s\u00e3o a falta de informa\u00e7\u00e3o sobre as vagas, as dificuldades financeiras para permanecer na universidade, a dist\u00e2ncia dos nossos territ\u00f3rios, o preconceito e, muitas vezes, a aus\u00eancia de pol\u00edticas que considerem a realidade dos estudantes ind\u00edgenas&#8221;, afirma.<\/span><\/p>\n<p><span style=\"font-weight: 400\">Para ela, ampliar o acesso aos est\u00e1gios \u00e9 apenas parte da solu\u00e7\u00e3o.<\/span><\/p>\n<p><span style=\"font-weight: 400\">&#8220;A reserva de vagas \u00e9 um avan\u00e7o muito importante, mas, sozinha, n\u00e3o resolve todos os desafios. Tamb\u00e9m precisamos fortalecer as pol\u00edticas de perman\u00eancia, ampliar os aux\u00edlios estudantis, garantir apoio acad\u00eamico e psicol\u00f3gico e criar condi\u00e7\u00f5es para que os estudantes ind\u00edgenas n\u00e3o apenas ingressem na universidade e nos est\u00e1gios, mas consigam permanecer e concluir sua forma\u00e7\u00e3o com dignidade.&#8221;<\/span><\/p>\n<figure id=\"attachment_21735\" aria-describedby=\"caption-attachment-21735\" style=\"width: 300px\" class=\"wp-caption alignnone\"><a href=\"https:\/\/blogs.correiobraziliense.com.br\/servidor\/wp-content\/uploads\/sites\/10\/2026\/07\/WhatsApp-Image-2026-07-07-at-18.11.22.jpeg\"><img loading=\"lazy\" decoding=\"async\" class=\"size-medium wp-image-21735\" src=\"https:\/\/blogs.correiobraziliense.com.br\/servidor\/wp-content\/uploads\/sites\/10\/2026\/07\/WhatsApp-Image-2026-07-07-at-18.11.22-300x200.jpeg\" alt=\"\" width=\"300\" height=\"200\" srcset=\"https:\/\/blogs.correiobraziliense.com.br\/servidor\/wp-content\/uploads\/sites\/10\/2026\/07\/WhatsApp-Image-2026-07-07-at-18.11.22-300x200.jpeg 300w, https:\/\/blogs.correiobraziliense.com.br\/servidor\/wp-content\/uploads\/sites\/10\/2026\/07\/WhatsApp-Image-2026-07-07-at-18.11.22-768x512.jpeg 768w, https:\/\/blogs.correiobraziliense.com.br\/servidor\/wp-content\/uploads\/sites\/10\/2026\/07\/WhatsApp-Image-2026-07-07-at-18.11.22-1024x683.jpeg 1024w, https:\/\/blogs.correiobraziliense.com.br\/servidor\/wp-content\/uploads\/sites\/10\/2026\/07\/WhatsApp-Image-2026-07-07-at-18.11.22-800x533.jpeg 800w, https:\/\/blogs.correiobraziliense.com.br\/servidor\/wp-content\/uploads\/sites\/10\/2026\/07\/WhatsApp-Image-2026-07-07-at-18.11.22-550x367.jpeg 550w, https:\/\/blogs.correiobraziliense.com.br\/servidor\/wp-content\/uploads\/sites\/10\/2026\/07\/WhatsApp-Image-2026-07-07-at-18.11.22-230x153.jpeg 230w, https:\/\/blogs.correiobraziliense.com.br\/servidor\/wp-content\/uploads\/sites\/10\/2026\/07\/WhatsApp-Image-2026-07-07-at-18.11.22.jpeg 1200w\" sizes=\"auto, (max-width: 300px) 100vw, 300px\" \/><\/a><figcaption id=\"caption-attachment-21735\" class=\"wp-caption-text\">Na imagem, a universit\u00e1ria Niara Nukini \u2014 Cr\u00e9dito: Material cedido ao Correio<\/figcaption><\/figure>\n<p><span style=\"font-weight: 400\">Com a nova pol\u00edtica, a reserva de vagas para estudantes ind\u00edgenas e quilombolas passa a integrar os processos seletivos de est\u00e1gio da administra\u00e7\u00e3o p\u00fablica federal. A implementa\u00e7\u00e3o dever\u00e1 ocorrer de forma gradual pelos \u00f3rg\u00e3os e entidades do Executivo Federal, ampliando as oportunidades de acesso desses estudantes aos programas de est\u00e1gio e fortalecendo a diversidade nos espa\u00e7os de forma\u00e7\u00e3o dentro da administra\u00e7\u00e3o p\u00fablica.<\/span><\/p>\n","protected":false},"excerpt":{"rendered":"<p>Medida do MGI reserva 3% das vagas para ind\u00edgenas e 2% para quilombolas nos processos seletivos da administra\u00e7\u00e3o p\u00fablica federal<\/p>\n","protected":false},"author":172,"featured_media":21727,"comment_status":"open","ping_status":"closed","sticky":false,"template":"","format":"standard","meta":{"footnotes":""},"categories":[19499,19524,19497,2719],"tags":[17140,1159,1381,7028,8952,19559,703],"class_list":["post-21721","post","type-post","status-publish","format-standard","has-post-thumbnail","hentry","category-educacao","category-governo-federal","category-servico-publico","category-servidor","tag-administracao-publica-federal","tag-estagio","tag-indigenas","tag-quilombolas","tag-reservas","tag-serivico-publico","tag-vagas"],"_links":{"self":[{"href":"https:\/\/blogs.correiobraziliense.com.br\/servidor\/wp-json\/wp\/v2\/posts\/21721","targetHints":{"allow":["GET"]}}],"collection":[{"href":"https:\/\/blogs.correiobraziliense.com.br\/servidor\/wp-json\/wp\/v2\/posts"}],"about":[{"href":"https:\/\/blogs.correiobraziliense.com.br\/servidor\/wp-json\/wp\/v2\/types\/post"}],"author":[{"embeddable":true,"href":"https:\/\/blogs.correiobraziliense.com.br\/servidor\/wp-json\/wp\/v2\/users\/172"}],"replies":[{"embeddable":true,"href":"https:\/\/blogs.correiobraziliense.com.br\/servidor\/wp-json\/wp\/v2\/comments?post=21721"}],"version-history":[{"count":12,"href":"https:\/\/blogs.correiobraziliense.com.br\/servidor\/wp-json\/wp\/v2\/posts\/21721\/revisions"}],"predecessor-version":[{"id":21736,"href":"https:\/\/blogs.correiobraziliense.com.br\/servidor\/wp-json\/wp\/v2\/posts\/21721\/revisions\/21736"}],"wp:featuredmedia":[{"embeddable":true,"href":"https:\/\/blogs.correiobraziliense.com.br\/servidor\/wp-json\/wp\/v2\/media\/21727"}],"wp:attachment":[{"href":"https:\/\/blogs.correiobraziliense.com.br\/servidor\/wp-json\/wp\/v2\/media?parent=21721"}],"wp:term":[{"taxonomy":"category","embeddable":true,"href":"https:\/\/blogs.correiobraziliense.com.br\/servidor\/wp-json\/wp\/v2\/categories?post=21721"},{"taxonomy":"post_tag","embeddable":true,"href":"https:\/\/blogs.correiobraziliense.com.br\/servidor\/wp-json\/wp\/v2\/tags?post=21721"}],"curies":[{"name":"wp","href":"https:\/\/api.w.org\/{rel}","templated":true}]}}