{"id":21716,"date":"2026-06-26T10:09:34","date_gmt":"2026-06-26T13:09:34","guid":{"rendered":"https:\/\/blogs.correiobraziliense.com.br\/servidor\/?p=21716"},"modified":"2026-06-26T10:09:34","modified_gmt":"2026-06-26T13:09:34","slug":"copa-de-2026-compensacao-de-horas-de-servidores-federais-comeca-em-agosto","status":"publish","type":"post","link":"https:\/\/blogs.correiobraziliense.com.br\/servidor\/copa-de-2026-compensacao-de-horas-de-servidores-federais-comeca-em-agosto\/","title":{"rendered":"Copa de 2026: compensa\u00e7\u00e3o de horas de servidores federais come\u00e7a em agosto"},"content":{"rendered":"<h2>Servidor que optar pela sa\u00edda antecipada nos dias de jogos e n\u00e3o concluir a compensa\u00e7\u00e3o dentro do prazo estabelecido ter\u00e1 desconto proporcional em folha referente \u00e0s horas n\u00e3o trabalhadas<\/h2>\n<p><strong>Por Raphaela Peixoto \u2014\u00a0<\/strong>A compensa\u00e7\u00e3o das horas n\u00e3o trabalhadas por servidores federais durante os jogos da Sele\u00e7\u00e3o Brasileira na Copa do Mundo de 2026 ter\u00e1 in\u00edcio em 3 de agosto e dever\u00e1 ser conclu\u00edda at\u00e9 30 de setembro. O prazo foi definido pelo Minist\u00e9rio da Gest\u00e3o e da Inova\u00e7\u00e3o em Servi\u00e7os P\u00fablicos (MGI) na Portaria n\u00ba 4.779\/2026, que regulamenta o funcionamento dos \u00f3rg\u00e3os federais durante o torneio.<\/p>\n<p>A norma estabelece que n\u00e3o haver\u00e1 ponto facultativo autom\u00e1tico nos dias de jogos da Sele\u00e7\u00e3o. Em vez disso, ser\u00e1 permitido o ajuste de jornada, desde que as horas sejam posteriormente compensadas dentro do per\u00edodo estabelecido.<\/p>\n<p>O modelo adotado pelo governo federal prev\u00ea organiza\u00e7\u00e3o pr\u00e9via da jornada e reposi\u00e7\u00e3o escalonada das horas, evitando ac\u00famulo pr\u00f3ximo ao fim do prazo. A compensa\u00e7\u00e3o ser\u00e1 feita conforme regras espec\u00edficas de cada regime de trabalho.<\/p>\n<ul>\n<li><strong>Leia tamb\u00e9m:\u00a0<a href=\"https:\/\/www.correiobraziliense.com.br\/cidades-df\/2026\/06\/7448606-celina-decreta-ponto-facultativo-no-gdf-na-segunda-feira.html\">Celina decreta ponto facultativo no GDF na segunda-feira<\/a><\/strong><\/li>\n<\/ul>\n<p>No caso dos servidores em atividade presencial fora do Programa de Gest\u00e3o e Desempenho (PGD), a reposi\u00e7\u00e3o dever\u00e1 ocorrer por meio da antecipa\u00e7\u00e3o do in\u00edcio do expediente ou da amplia\u00e7\u00e3o do hor\u00e1rio de sa\u00edda, sempre respeitando os limites de funcionamento de cada \u00f3rg\u00e3o.<\/p>\n<p>J\u00e1 para os servidores vinculados ao PGD, incluindo os que atuam em teletrabalho, a compensa\u00e7\u00e3o ser\u00e1 contabilizada pelo cumprimento das metas e entregas previstas nos planos de trabalho, equivalentes ao per\u00edodo de aus\u00eancia nos dias de jogos.<\/p>\n<p>A portaria tamb\u00e9m estende a possibilidade de ajuste de jornada a empregados terceirizados, alinhando o funcionamento da administra\u00e7\u00e3o p\u00fablica \u00e0s regras trabalhistas vigentes. Tamb\u00e9m foi fixado\u00a0limites di\u00e1rios de reposi\u00e7\u00e3o: at\u00e9 duas horas por dia para servidores, empregados p\u00fablicos e contratados tempor\u00e1rios, e at\u00e9 uma hora di\u00e1ria para estagi\u00e1rios.<\/p>\n<ul>\n<li><strong>Leia tamb\u00e9m:\u00a0<a href=\"https:\/\/www.correiobraziliense.com.br\/cidades-df\/2026\/06\/7449393-brasil-x-japao-servidores-federais-serao-liberados-as-11h-na-segunda-29.html\">Brasil x Jap\u00e3o: Servidores federais ser\u00e3o liberados \u00e0s 11h na segunda (29)<\/a><br \/>\n<\/strong><\/li>\n<\/ul>\n<p>O servidor que optar pela sa\u00edda antecipada nos dias de jogos e n\u00e3o concluir a compensa\u00e7\u00e3o dentro do prazo estabelecido ter\u00e1 desconto proporcional em folha referente \u00e0s horas n\u00e3o trabalhadas.<\/p>\n<h3>Sa\u00edda antecipada<\/h3>\n<p>Os hor\u00e1rios de libera\u00e7\u00e3o variam conforme o in\u00edcio das partidas, sempre no hor\u00e1rio de Bras\u00edlia. Em jogos \u00e0s 14h, a sa\u00edda ser\u00e1 permitida a partir das 11h. Para jogos \u00e0s 16h, a libera\u00e7\u00e3o come\u00e7a \u00e0s 13h. Nos jogos \u00e0s 17h, \u00e0s 14h; \u00e0s 18h, \u00e0s 15h; e \u00e0s 19h, \u00e0s 16h.<\/p>\n<ul>\n<li><strong>Leia tamb\u00e9m:\u00a0<a href=\"https:\/\/blogs.correiobraziliense.com.br\/servidor\/projeto-de-lei-pode-mudar-regras-da-prisao-a-defensores-publico-entenda\/\">Projeto de Lei pode mudar regras da pris\u00e3o a defensores p\u00fablico; entenda<\/a><\/strong><\/li>\n<\/ul>\n<p>Mesmo com a flexibiliza\u00e7\u00e3o, os \u00f3rg\u00e3os federais dever\u00e3o manter o funcionamento regular durante os jogos da Sele\u00e7\u00e3o. A portaria refor\u00e7a que os servi\u00e7os essenciais n\u00e3o poder\u00e3o ser interrompidos e que cabe \u00e0s chefias garantir a continuidade do atendimento ao p\u00fablico. Servidores que n\u00e3o aderirem ao ajuste de jornada seguir\u00e3o cumprindo normalmente suas cargas hor\u00e1rias.<\/p>\n","protected":false},"excerpt":{"rendered":"<p>Servidor que optar pela sa\u00edda antecipada nos dias de jogos e n\u00e3o concluir a compensa\u00e7\u00e3o dentro do prazo estabelecido ter\u00e1 desconto proporcional em folha referente \u00e0s horas n\u00e3o trabalhadas Por Raphaela Peixoto \u2014\u00a0A compensa\u00e7\u00e3o das horas n\u00e3o trabalhadas por servidores federais durante os jogos da Sele\u00e7\u00e3o Brasileira na Copa do Mundo de 2026 ter\u00e1 in\u00edcio em 3 de agosto e [&hellip;]<\/p>\n","protected":false},"author":135,"featured_media":21342,"comment_status":"open","ping_status":"closed","sticky":false,"template":"","format":"standard","meta":{"footnotes":""},"categories":[1,19497,2719,19512],"tags":[19558,19556,19557],"class_list":["post-21716","post","type-post","status-publish","format-standard","has-post-thumbnail","hentry","category-sem-categoria","category-servico-publico","category-servidor","category-servidores-publicos","tag-compensacao-de-horas","tag-copa2026","tag-jogos-do-brasil"],"_links":{"self":[{"href":"https:\/\/blogs.correiobraziliense.com.br\/servidor\/wp-json\/wp\/v2\/posts\/21716","targetHints":{"allow":["GET"]}}],"collection":[{"href":"https:\/\/blogs.correiobraziliense.com.br\/servidor\/wp-json\/wp\/v2\/posts"}],"about":[{"href":"https:\/\/blogs.correiobraziliense.com.br\/servidor\/wp-json\/wp\/v2\/types\/post"}],"author":[{"embeddable":true,"href":"https:\/\/blogs.correiobraziliense.com.br\/servidor\/wp-json\/wp\/v2\/users\/135"}],"replies":[{"embeddable":true,"href":"https:\/\/blogs.correiobraziliense.com.br\/servidor\/wp-json\/wp\/v2\/comments?post=21716"}],"version-history":[{"count":3,"href":"https:\/\/blogs.correiobraziliense.com.br\/servidor\/wp-json\/wp\/v2\/posts\/21716\/revisions"}],"predecessor-version":[{"id":21719,"href":"https:\/\/blogs.correiobraziliense.com.br\/servidor\/wp-json\/wp\/v2\/posts\/21716\/revisions\/21719"}],"wp:featuredmedia":[{"embeddable":true,"href":"https:\/\/blogs.correiobraziliense.com.br\/servidor\/wp-json\/wp\/v2\/media\/21342"}],"wp:attachment":[{"href":"https:\/\/blogs.correiobraziliense.com.br\/servidor\/wp-json\/wp\/v2\/media?parent=21716"}],"wp:term":[{"taxonomy":"category","embeddable":true,"href":"https:\/\/blogs.correiobraziliense.com.br\/servidor\/wp-json\/wp\/v2\/categories?post=21716"},{"taxonomy":"post_tag","embeddable":true,"href":"https:\/\/blogs.correiobraziliense.com.br\/servidor\/wp-json\/wp\/v2\/tags?post=21716"}],"curies":[{"name":"wp","href":"https:\/\/api.w.org\/{rel}","templated":true}]}}