{"id":2171,"date":"2016-07-06T13:29:48","date_gmt":"2016-07-06T16:29:48","guid":{"rendered":"https:\/\/blogs.correiobraziliense.com.br\/servidor\/?p=2171"},"modified":"2016-07-08T10:25:53","modified_gmt":"2016-07-08T13:25:53","slug":"estudo-mostra-que-nao-existe-deficit-na-previdencia-social","status":"publish","type":"post","link":"https:\/\/blogs.correiobraziliense.com.br\/servidor\/estudo-mostra-que-nao-existe-deficit-na-previdencia-social\/","title":{"rendered":"Estudo mostra que n\u00e3o existe d\u00e9ficit na Previd\u00eancia Social"},"content":{"rendered":"<p>A Confedera\u00e7\u00e3o Nacional dos Trabalhadores na Agricultura (Contag) e o Departamento Intersindical de Estat\u00edstica e Estudos Socioecon\u00f4micos (Dieese) produziram um estudo que apresenta a &#8220;inexist\u00eancia de d\u00e9ficit da Previd\u00eancia Social e que n\u00e3o h\u00e1 motivos para a realiza\u00e7\u00e3o de uma reforma na Previd\u00eancia&#8221;, garantem as entidades<strong>.<\/strong><\/p>\n<p>Este estudo ser\u00e1 lan\u00e7ado no Semin\u00e1rio de Seguridade e Previd\u00eancia Social, no dia 7 de julho, e \u00e9 resultado de debates de um grupo de trabalho composto por v\u00e1rias entidades e organiza\u00e7\u00f5es, entre elas a pr\u00f3pria Contag, o Dieese, o Instituto Brasileiro de Direito Previdenci\u00e1rio (IBDP), o Instituto de Pesquisa Econ\u00f4mica Aplicada (Ipea), as centrais sindicais e outras.<\/p>\n<p>O Semin\u00e1rio tem como objetivos analisar e debater a sustentabilidade do Sistema de Seguridade Social, os impactos socioecon\u00f4micos da Previd\u00eancia Rural, definir encaminhamentos e a\u00e7\u00f5es em face das amea\u00e7as de restri\u00e7\u00f5es de direitos com a reforma da Previd\u00eancia Social.<\/p>\n<p>O Semin\u00e1rio de Seguridade e Previd\u00eancia Social ser\u00e1 no dia 7 de julho, no Centro de Estudo Sindical Rural da Contag, com a presen\u00e7a de lideran\u00e7as sindicais, assessores jur\u00eddicos, especialistas e demais convidados. Endere\u00e7o: SMPW, quadra 01, conjunto 2, lote 2, N\u00facleo Bandeirante, Bras\u00edlia\/DF.<\/p>\n","protected":false},"excerpt":{"rendered":"<p>A Confedera\u00e7\u00e3o Nacional dos Trabalhadores na Agricultura (Contag) e o Departamento Intersindical de Estat\u00edstica e Estudos Socioecon\u00f4micos (Dieese) produziram um estudo que apresenta a &#8220;inexist\u00eancia de d\u00e9ficit da Previd\u00eancia Social e que n\u00e3o h\u00e1 motivos para a realiza\u00e7\u00e3o de uma reforma na Previd\u00eancia&#8221;, garantem as entidades. Este estudo ser\u00e1 lan\u00e7ado no Semin\u00e1rio de Seguridade e Previd\u00eancia Social, no dia 7 [&hellip;]<\/p>\n","protected":false},"author":27,"featured_media":0,"comment_status":"open","ping_status":"closed","sticky":false,"template":"","format":"standard","meta":{"footnotes":""},"categories":[1,2719],"tags":[2696,411,2026,1287,2663,2027,1923,549],"class_list":["post-2171","post","type-post","status-publish","format-standard","hentry","category-sem-categoria","category-servidor","tag-contag","tag-deficit","tag-dieese","tag-estudo","tag-ibdp","tag-ipea","tag-mostra","tag-previdencia"],"_links":{"self":[{"href":"https:\/\/blogs.correiobraziliense.com.br\/servidor\/wp-json\/wp\/v2\/posts\/2171","targetHints":{"allow":["GET"]}}],"collection":[{"href":"https:\/\/blogs.correiobraziliense.com.br\/servidor\/wp-json\/wp\/v2\/posts"}],"about":[{"href":"https:\/\/blogs.correiobraziliense.com.br\/servidor\/wp-json\/wp\/v2\/types\/post"}],"author":[{"embeddable":true,"href":"https:\/\/blogs.correiobraziliense.com.br\/servidor\/wp-json\/wp\/v2\/users\/27"}],"replies":[{"embeddable":true,"href":"https:\/\/blogs.correiobraziliense.com.br\/servidor\/wp-json\/wp\/v2\/comments?post=2171"}],"version-history":[{"count":1,"href":"https:\/\/blogs.correiobraziliense.com.br\/servidor\/wp-json\/wp\/v2\/posts\/2171\/revisions"}],"predecessor-version":[{"id":2172,"href":"https:\/\/blogs.correiobraziliense.com.br\/servidor\/wp-json\/wp\/v2\/posts\/2171\/revisions\/2172"}],"wp:attachment":[{"href":"https:\/\/blogs.correiobraziliense.com.br\/servidor\/wp-json\/wp\/v2\/media?parent=2171"}],"wp:term":[{"taxonomy":"category","embeddable":true,"href":"https:\/\/blogs.correiobraziliense.com.br\/servidor\/wp-json\/wp\/v2\/categories?post=2171"},{"taxonomy":"post_tag","embeddable":true,"href":"https:\/\/blogs.correiobraziliense.com.br\/servidor\/wp-json\/wp\/v2\/tags?post=2171"}],"curies":[{"name":"wp","href":"https:\/\/api.w.org\/{rel}","templated":true}]}}