{"id":21697,"date":"2026-05-29T19:21:46","date_gmt":"2026-05-29T22:21:46","guid":{"rendered":"https:\/\/blogs.correiobraziliense.com.br\/servidor\/?p=21697"},"modified":"2026-06-02T15:10:18","modified_gmt":"2026-06-02T18:10:18","slug":"projeto-de-lei-pode-mudar-regras-da-prisao-a-defensores-publico-entenda","status":"publish","type":"post","link":"https:\/\/blogs.correiobraziliense.com.br\/servidor\/projeto-de-lei-pode-mudar-regras-da-prisao-a-defensores-publico-entenda\/","title":{"rendered":"Projeto de Lei pode mudar regras da pris\u00e3o a defensores p\u00fablico; entenda"},"content":{"rendered":"<p><strong>Por Nathallie Lopes \u2014\u00a0<\/strong>Um projeto em an\u00e1lise na C\u00e2mara dos Deputados pode mudar as regras de pris\u00e3o aplic\u00e1veis a defensoras e defensores p\u00fablicos no Brasil. Embora trate de uma quest\u00e3o t\u00e9cnica, a proposta pode afetar diretamente o funcionamento de um servi\u00e7o essencial para milh\u00f5es de brasileiros que dependem de assist\u00eancia jur\u00eddica gratuita.<\/p>\n<p>Apresentado na \u00faltima segunda-feira (25\/5), o Projeto de <a href=\"https:\/\/www.camara.leg.br\/proposicoesWeb\/fichadetramitacao?idProposicao=2627579\">Lei n\u00ba 2.585\/2026<\/a>, de autoria da deputada Ana Paula Lima (PT-SC), cria regras espec\u00edficas para a pris\u00e3o de integrantes da Defensoria P\u00fablica. Atualmente, a legisla\u00e7\u00e3o n\u00e3o prev\u00ea para a categoria uma prote\u00e7\u00e3o espec\u00edfica prevista em lei, como j\u00e1 ocorre com ju\u00edzes e promotores. Se aprovado, o texto permitir\u00e1 a pris\u00e3o de defensoras e defensores apenas em casos de flagrante por crimes graves para os quais a lei n\u00e3o permite pagamento de fian\u00e7a.<\/p>\n<p>Nessas situa\u00e7\u00f5es, o defensor p\u00fablico-geral dever\u00e1 ser comunicado imediatamente. O projeto tamb\u00e9m prev\u00ea que, antes de uma decis\u00e3o definitiva da Justi\u00e7a, o profissional fique detido em local separado ou, se isso n\u00e3o for poss\u00edvel, cumpra pris\u00e3o domiciliar.<\/p>\n<p>Para a presidente da Associa\u00e7\u00e3o Nacional das Defensoras e Defensores P\u00fablicos (Anadep), Fernanda Fernandes, a proposta busca garantir seguran\u00e7a a profissionais que atuam em ambientes de press\u00e3o, como delegacias, pres\u00eddios e audi\u00eancias de cust\u00f3dia.<\/p>\n<p>Segundo ela, a medida responde a epis\u00f3dios recorrentes de intimida\u00e7\u00e3o e restri\u00e7\u00f5es enfrentados por membros da Defensoria durante inspe\u00e7\u00f5es e dilig\u00eancias. \u201cA prote\u00e7\u00e3o n\u00e3o \u00e9 um privil\u00e9gio pessoal, mas uma garantia para que esses profissionais possam exercer seu trabalho com autonomia e sem interfer\u00eancias\u201d, afirmou ao <strong>Correio<\/strong>.<\/p>\n<p>Os n\u00fameros ajudam a mostrar a dimens\u00e3o da discuss\u00e3o. Em 2024, as Defensorias P\u00fablicas realizaram mais de 29,5 milh\u00f5es de atendimentos em todo o pa\u00eds. Atualmente, o Brasil conta com 7.520 defensores p\u00fablicos, m\u00e9dia de um profissional para cada 31 mil habitantes.<\/p>\n<p>De acordo com Fernandes, o impacto para a popula\u00e7\u00e3o \u00e9 indireto, mas relevante. \u201cQuando h\u00e1 mais seguran\u00e7a para o exerc\u00edcio da fun\u00e7\u00e3o, reduz-se o risco de constrangimentos e interrup\u00e7\u00f5es no trabalho. Isso ajuda a garantir a continuidade do atendimento \u00e0s pessoas mais vulner\u00e1veis\u201d, afirmou.<\/p>\n<p>A proposta ainda est\u00e1 no in\u00edcio da tramita\u00e7\u00e3o. A expectativa \u00e9 que, neste semestre, o texto seja encaminhado \u00e0s comiss\u00f5es tem\u00e1ticas da C\u00e2mara, etapa necess\u00e1ria antes de eventual vota\u00e7\u00e3o em plen\u00e1rio.<\/p>\n","protected":false},"excerpt":{"rendered":"<p>Proposta em an\u00e1lise na C\u00e2mara busca ampliar a prote\u00e7\u00e3o funcional da Defensoria e fortalecer o atendimento jur\u00eddico gratuito \u00e0 popula\u00e7\u00e3o<\/p>\n","protected":false},"author":172,"featured_media":21700,"comment_status":"open","ping_status":"closed","sticky":false,"template":"","format":"standard","meta":{"footnotes":""},"categories":[19497,2719,19512],"tags":[13703,2876,19554,1038,2835],"class_list":["post-21697","post","type-post","status-publish","format-standard","has-post-thumbnail","hentry","category-servico-publico","category-servidor","category-servidores-publicos","tag-defensor-publico-geral-federal","tag-defensoria-publica","tag-enadep","tag-prisao","tag-projeto-de-lei"],"_links":{"self":[{"href":"https:\/\/blogs.correiobraziliense.com.br\/servidor\/wp-json\/wp\/v2\/posts\/21697","targetHints":{"allow":["GET"]}}],"collection":[{"href":"https:\/\/blogs.correiobraziliense.com.br\/servidor\/wp-json\/wp\/v2\/posts"}],"about":[{"href":"https:\/\/blogs.correiobraziliense.com.br\/servidor\/wp-json\/wp\/v2\/types\/post"}],"author":[{"embeddable":true,"href":"https:\/\/blogs.correiobraziliense.com.br\/servidor\/wp-json\/wp\/v2\/users\/172"}],"replies":[{"embeddable":true,"href":"https:\/\/blogs.correiobraziliense.com.br\/servidor\/wp-json\/wp\/v2\/comments?post=21697"}],"version-history":[{"count":7,"href":"https:\/\/blogs.correiobraziliense.com.br\/servidor\/wp-json\/wp\/v2\/posts\/21697\/revisions"}],"predecessor-version":[{"id":21705,"href":"https:\/\/blogs.correiobraziliense.com.br\/servidor\/wp-json\/wp\/v2\/posts\/21697\/revisions\/21705"}],"wp:featuredmedia":[{"embeddable":true,"href":"https:\/\/blogs.correiobraziliense.com.br\/servidor\/wp-json\/wp\/v2\/media\/21700"}],"wp:attachment":[{"href":"https:\/\/blogs.correiobraziliense.com.br\/servidor\/wp-json\/wp\/v2\/media?parent=21697"}],"wp:term":[{"taxonomy":"category","embeddable":true,"href":"https:\/\/blogs.correiobraziliense.com.br\/servidor\/wp-json\/wp\/v2\/categories?post=21697"},{"taxonomy":"post_tag","embeddable":true,"href":"https:\/\/blogs.correiobraziliense.com.br\/servidor\/wp-json\/wp\/v2\/tags?post=21697"}],"curies":[{"name":"wp","href":"https:\/\/api.w.org\/{rel}","templated":true}]}}