{"id":21691,"date":"2026-05-25T22:23:31","date_gmt":"2026-05-26T01:23:31","guid":{"rendered":"https:\/\/blogs.correiobraziliense.com.br\/servidor\/?p=21691"},"modified":"2026-05-25T22:23:31","modified_gmt":"2026-05-26T01:23:31","slug":"servidores-federais-tem-ate-31-de-maio-para-atualizar-cadastro-funcional","status":"publish","type":"post","link":"https:\/\/blogs.correiobraziliense.com.br\/servidor\/servidores-federais-tem-ate-31-de-maio-para-atualizar-cadastro-funcional\/","title":{"rendered":"Servidores federais t\u00eam at\u00e9 31 de maio para atualizar cadastro funcional"},"content":{"rendered":"<p><strong>Por Nathallie Lopes \u2014\u00a0<\/strong><span style=\"font-weight: 400\">Os agentes p\u00fablicos do Poder Executivo Federal t\u00eam at\u00e9 este domingo (31\/5) para realizar a atualiza\u00e7\u00e3o e valida\u00e7\u00e3o cadastral obrigat\u00f3ria no SouGov.br. A medida tem como objetivo manter atualizados os dados pessoais e funcionais registrados nos sistemas de gest\u00e3o de pessoas do governo federal, refor\u00e7ando a seguran\u00e7a das informa\u00e7\u00f5es e contribuindo para uma gest\u00e3o mais eficiente da for\u00e7a de trabalho no Executivo.<\/span><\/p>\n<p><span style=\"font-weight: 400\">A poucos dias do fim do prazo, 87% dos servidores ativos j\u00e1 conclu\u00edram o procedimento. Entre os aposentados, o \u00edndice de ades\u00e3o est\u00e1 em 69,62%. J\u00e1 entre os pensionistas, apenas 47,56% fizeram a atualiza\u00e7\u00e3o, segundo dados do Minist\u00e9rio da Gest\u00e3o e da Inova\u00e7\u00e3o em Servi\u00e7os P\u00fablicos (MGI).<\/span><\/p>\n<p><span style=\"font-weight: 400\">A atualiza\u00e7\u00e3o deve ser feita exclusivamente pelo aplicativo ou portal souGov.br e n\u00e3o poder\u00e1 ser realizada ap\u00f3s o encerramento do per\u00edodo oficial, conforme prev\u00ea a Portaria MGI n\u00ba 1.476, de 25 de fevereiro de 2026.<\/span><\/p>\n<p><span style=\"font-weight: 400\">A valida\u00e7\u00e3o cadastral \u00e9 obrigat\u00f3ria para servidores p\u00fablicos civis ativos, ocupantes de cargos em comiss\u00e3o, aposentados, pensionistas, empregados p\u00fablicos, contratados tempor\u00e1rios, anistiados pol\u00edticos civis, empregados de estatais dependentes e estagi\u00e1rios. A exig\u00eancia tamb\u00e9m se aplica a agentes p\u00fablicos cedidos, afastados, licenciados ou que estejam fora do pa\u00eds.<\/span><\/p>\n<p><span style=\"font-weight: 400\">Quem ingressou no servi\u00e7o p\u00fablico entre 1\u00ba de abril e 31 de maio deste ano participar\u00e1 apenas do pr\u00f3ximo ciclo, em 2027. J\u00e1 aqueles que mudaram de \u00f3rg\u00e3o durante o per\u00edodo n\u00e3o precisar\u00e3o realizar nova valida\u00e7\u00e3o, desde que o procedimento j\u00e1 tenha sido conclu\u00eddo no \u00f3rg\u00e3o de origem.<\/span><\/p>\n<h2><b>Consequ\u00eancias para quem n\u00e3o atualizar<\/b><\/h2>\n<p><span style=\"font-weight: 400\">Os agentes p\u00fablicos que n\u00e3o realizarem a valida\u00e7\u00e3o at\u00e9 o fim do prazo ser\u00e3o notificados eletronicamente. Segundo o governo federal, a recusa injustificada em atualizar os dados cadastrais \u00e9 considerada conduta vedada pela Lei n\u00ba 8.112\/1990.<\/span><\/p>\n<p><span style=\"font-weight: 400\">Caso a pend\u00eancia n\u00e3o seja regularizada, a unidade de gest\u00e3o de pessoas poder\u00e1 comunicar o caso \u00e0 Corregedoria para apura\u00e7\u00e3o disciplinar.<\/span><\/p>\n<p><span style=\"font-weight: 400\">Para aposentados e pensionistas, embora a atualiza\u00e7\u00e3o tamb\u00e9m seja obrigat\u00f3ria, n\u00e3o h\u00e1 aplica\u00e7\u00e3o de penalidade em caso de descumprimento. O MGI refor\u00e7a ainda que a valida\u00e7\u00e3o cadastral n\u00e3o substitui a prova de vida, que continua sendo exigida anualmente.<\/span><\/p>\n<h2><b>Como fazer<\/b><\/h2>\n<p><span style=\"font-weight: 400\">A atualiza\u00e7\u00e3o deve ser realizada pelo aplicativo ou portal SouGov.br. Ao acessar a plataforma, o usu\u00e1rio \u00e9 direcionado automaticamente para a tela de valida\u00e7\u00e3o cadastral.<\/span><\/p>\n<p><span style=\"font-weight: 400\">A Portaria n\u00ba 1.476\/2026 tamb\u00e9m trouxe mudan\u00e7as para simplificar o processo, como a possibilidade de valida\u00e7\u00e3o em apenas um v\u00ednculo nos casos de ac\u00famulo l\u00edcito de cargos, al\u00e9m da dispensa de nova atualiza\u00e7\u00e3o para quem mudou de \u00f3rg\u00e3o ap\u00f3s concluir o procedimento.<\/span><\/p>\n<p><span style=\"font-weight: 400\">Como o prazo termina neste domingo e n\u00e3o haver\u00e1 possibilidade de regulariza\u00e7\u00e3o posterior pela plataforma, a orienta\u00e7\u00e3o \u00e9 que os agentes p\u00fablicos fa\u00e7am a atualiza\u00e7\u00e3o o quanto antes para evitar pend\u00eancias cadastrais.<\/span><\/p>\n","protected":false},"excerpt":{"rendered":"<p>Medida do governo busca manter dados atualizados e refor\u00e7ar a seguran\u00e7a das informa\u00e7\u00f5es; pensionistas t\u00eam menor \u00edndice de ades\u00e3o<\/p>\n","protected":false},"author":172,"featured_media":21693,"comment_status":"open","ping_status":"closed","sticky":false,"template":"","format":"standard","meta":{"footnotes":""},"categories":[19497,2719,19512],"tags":[19553,19552,19520,4455,1174,8,9777],"class_list":["post-21691","post","type-post","status-publish","format-standard","has-post-thumbnail","hentry","category-servico-publico","category-servidor","category-servidores-publicos","tag-atualizar-cadastro","tag-cadastro-funcional","tag-mgi","tag-pensionista","tag-prazo","tag-servidor","tag-servidores-federais"],"_links":{"self":[{"href":"https:\/\/blogs.correiobraziliense.com.br\/servidor\/wp-json\/wp\/v2\/posts\/21691","targetHints":{"allow":["GET"]}}],"collection":[{"href":"https:\/\/blogs.correiobraziliense.com.br\/servidor\/wp-json\/wp\/v2\/posts"}],"about":[{"href":"https:\/\/blogs.correiobraziliense.com.br\/servidor\/wp-json\/wp\/v2\/types\/post"}],"author":[{"embeddable":true,"href":"https:\/\/blogs.correiobraziliense.com.br\/servidor\/wp-json\/wp\/v2\/users\/172"}],"replies":[{"embeddable":true,"href":"https:\/\/blogs.correiobraziliense.com.br\/servidor\/wp-json\/wp\/v2\/comments?post=21691"}],"version-history":[{"count":4,"href":"https:\/\/blogs.correiobraziliense.com.br\/servidor\/wp-json\/wp\/v2\/posts\/21691\/revisions"}],"predecessor-version":[{"id":21696,"href":"https:\/\/blogs.correiobraziliense.com.br\/servidor\/wp-json\/wp\/v2\/posts\/21691\/revisions\/21696"}],"wp:featuredmedia":[{"embeddable":true,"href":"https:\/\/blogs.correiobraziliense.com.br\/servidor\/wp-json\/wp\/v2\/media\/21693"}],"wp:attachment":[{"href":"https:\/\/blogs.correiobraziliense.com.br\/servidor\/wp-json\/wp\/v2\/media?parent=21691"}],"wp:term":[{"taxonomy":"category","embeddable":true,"href":"https:\/\/blogs.correiobraziliense.com.br\/servidor\/wp-json\/wp\/v2\/categories?post=21691"},{"taxonomy":"post_tag","embeddable":true,"href":"https:\/\/blogs.correiobraziliense.com.br\/servidor\/wp-json\/wp\/v2\/tags?post=21691"}],"curies":[{"name":"wp","href":"https:\/\/api.w.org\/{rel}","templated":true}]}}