{"id":21684,"date":"2026-05-22T20:59:22","date_gmt":"2026-05-22T23:59:22","guid":{"rendered":"https:\/\/blogs.correiobraziliense.com.br\/servidor\/?p=21684"},"modified":"2026-05-22T20:59:22","modified_gmt":"2026-05-22T23:59:22","slug":"ultimos-dias-para-servidores-sugerirem-atividades-para-a-semana-de-inovacao-da-enap","status":"publish","type":"post","link":"https:\/\/blogs.correiobraziliense.com.br\/servidor\/ultimos-dias-para-servidores-sugerirem-atividades-para-a-semana-de-inovacao-da-enap\/","title":{"rendered":"\u00daltimos dias para servidores sugerirem atividades para a Semana de Inova\u00e7\u00e3o da ENAP"},"content":{"rendered":"<p>Servidores p\u00fablicos, especialistas, pesquisadores, organiza\u00e7\u00f5es da sociedade civil e representantes do setor privado t\u00eam at\u00e9 o domingo (24\/5) para enviar propostas de atividades para a 12\u00aa edi\u00e7\u00e3o da Semana de Inova\u00e7\u00e3o, promovida pela Escola Nacional de Administra\u00e7\u00e3o P\u00fablica (Enap). Considerado o maior evento de inova\u00e7\u00e3o da Am\u00e9rica Latina, o evento ser\u00e1 realizado entre 10 e 12 de novembro, em Bras\u00edlia e tamb\u00e9m em formato on-line.<\/p>\n<p>A chamada p\u00fablica \u00e9 o momento em que os pr\u00f3prios participantes ajudam a construir a programa\u00e7\u00e3o oficial do evento, com sugest\u00f5es de oficinas, palestras, mesas-redondas, viv\u00eancias e atividades art\u00edsticas. Segundo a diretora de Inova\u00e7\u00e3o da Enap, Camila Medeiros, cerca de 500 propostas costumam ser recebidas a cada edi\u00e7\u00e3o.<\/p>\n<p>\u201cTodas passam por uma curadoria, para entender se s\u00e3o pertinentes ao evento e se encaixam nos eixos tem\u00e1ticos\u201d, explica.<\/p>\n<p>Neste ano, o tema da Semana de Inova\u00e7\u00e3o \u00e9 \u201cO Futuro \u00e9 Coletivo\u201d, com foco na constru\u00e7\u00e3o colaborativa de solu\u00e7\u00f5es sustent\u00e1veis e inclusivas para o setor p\u00fablico. A proposta do evento \u00e9 justamente estimular a troca de experi\u00eancias e o protagonismo dos servidores na formula\u00e7\u00e3o de ideias capazes de transformar a administra\u00e7\u00e3o p\u00fablica.<\/p>\n<p>Entre os temas que mais cresceram nesta edi\u00e7\u00e3o est\u00e3o os ligados \u00e0 intelig\u00eancia artificial, dados e transforma\u00e7\u00e3o digital no servi\u00e7o p\u00fablico. De acordo com Camila Medeiros, os eixos \u201cTecnologias, Dados e Humaniza\u00e7\u00e3o do Futuro\u201d e \u201cCapacidades do Estado para o Futuro\u201d lideram o n\u00famero de propostas recebidas at\u00e9 agora.<\/p>\n<p>\u201cIsso mostra um crescimento forte de temas ligados \u00e0 IA, dados, transforma\u00e7\u00e3o digital, inova\u00e7\u00e3o e novas capacidades do Estado\u201d, afirma.<\/p>\n<p>Al\u00e9m das palestras, as oficinas pr\u00e1ticas aparecem entre os formatos mais procurados pelos participantes. Para a diretora, o movimento demonstra o interesse crescente por atividades mais aplicadas e experi\u00eancias colaborativas.<\/p>\n<p>\u201cO n\u00famero alto de oficinas indica interesse crescente por atividades mais aplicadas e \u2018m\u00e3o na massa\u2019\u201d, destaca.<\/p>\n<p>Segundo a Enap, um dos diferenciais da Semana de Inova\u00e7\u00e3o \u00e9 justamente o formato mais interativo e experimental. Ao contr\u00e1rio de eventos tradicionais, o encontro funciona como um grande festival de inova\u00e7\u00e3o p\u00fablica, com atividades simult\u00e2neas e espa\u00e7os voltados \u00e0 troca de experi\u00eancias.<\/p>\n<p>\u201cN\u00e3o \u00e9 um semin\u00e1rio no qual voc\u00ea apenas assiste a palestras. Voc\u00ea tem a possibilidade de vivenciar experi\u00eancias e de estar em um ambiente inovador com oficinas que fazem a diferen\u00e7a no fim do dia para quem participa\u201d, diz Camila.<\/p>\n<p>A expectativa da organiza\u00e7\u00e3o \u00e9 reunir cerca de 18 mil participantes em 2026, sendo aproximadamente 3 mil presencialmente, na sede da Enap, em Bras\u00edlia. Na edi\u00e7\u00e3o passada, o evento recebeu quase 17 mil pessoas.<\/p>\n<p>Para a diretora de Inova\u00e7\u00e3o, o interesse crescente dos servidores pela Semana de Inova\u00e7\u00e3o tamb\u00e9m revela mudan\u00e7as importantes no perfil do funcionalismo p\u00fablico brasileiro.<\/p>\n<p>\u201cO setor p\u00fablico conta com muitos profissionais atentos e motivados para construir um futuro mais sustent\u00e1vel, justo e inclusivo, e \u00e9 na Semana de Inova\u00e7\u00e3o onde nos encontramos para imaginar e fazer em conjunto\u201d, conclui.<\/p>\n<p>As propostas podem ser enviadas nas modalidades presencial e online. A programa\u00e7\u00e3o e as inscri\u00e7\u00f5es para o p\u00fablico ser\u00e3o divulgadas em julho.<\/p>\n","protected":false},"excerpt":{"rendered":"<p>Enap recebe propostas at\u00e9 domingo (24\/5) para o maior evento de inova\u00e7\u00e3o p\u00fablica da Am\u00e9rica Latina<\/p>\n","protected":false},"author":172,"featured_media":21686,"comment_status":"open","ping_status":"closed","sticky":false,"template":"","format":"standard","meta":{"footnotes":""},"categories":[19497,2719,19512],"tags":[308,781,19551,1579],"class_list":["post-21684","post","type-post","status-publish","format-standard","has-post-thumbnail","hentry","category-servico-publico","category-servidor","category-servidores-publicos","tag-enap","tag-inscricoes","tag-semana-de-inovacao","tag-servidores-publicos"],"_links":{"self":[{"href":"https:\/\/blogs.correiobraziliense.com.br\/servidor\/wp-json\/wp\/v2\/posts\/21684","targetHints":{"allow":["GET"]}}],"collection":[{"href":"https:\/\/blogs.correiobraziliense.com.br\/servidor\/wp-json\/wp\/v2\/posts"}],"about":[{"href":"https:\/\/blogs.correiobraziliense.com.br\/servidor\/wp-json\/wp\/v2\/types\/post"}],"author":[{"embeddable":true,"href":"https:\/\/blogs.correiobraziliense.com.br\/servidor\/wp-json\/wp\/v2\/users\/172"}],"replies":[{"embeddable":true,"href":"https:\/\/blogs.correiobraziliense.com.br\/servidor\/wp-json\/wp\/v2\/comments?post=21684"}],"version-history":[{"count":2,"href":"https:\/\/blogs.correiobraziliense.com.br\/servidor\/wp-json\/wp\/v2\/posts\/21684\/revisions"}],"predecessor-version":[{"id":21687,"href":"https:\/\/blogs.correiobraziliense.com.br\/servidor\/wp-json\/wp\/v2\/posts\/21684\/revisions\/21687"}],"wp:featuredmedia":[{"embeddable":true,"href":"https:\/\/blogs.correiobraziliense.com.br\/servidor\/wp-json\/wp\/v2\/media\/21686"}],"wp:attachment":[{"href":"https:\/\/blogs.correiobraziliense.com.br\/servidor\/wp-json\/wp\/v2\/media?parent=21684"}],"wp:term":[{"taxonomy":"category","embeddable":true,"href":"https:\/\/blogs.correiobraziliense.com.br\/servidor\/wp-json\/wp\/v2\/categories?post=21684"},{"taxonomy":"post_tag","embeddable":true,"href":"https:\/\/blogs.correiobraziliense.com.br\/servidor\/wp-json\/wp\/v2\/tags?post=21684"}],"curies":[{"name":"wp","href":"https:\/\/api.w.org\/{rel}","templated":true}]}}