{"id":21669,"date":"2026-05-15T21:56:03","date_gmt":"2026-05-16T00:56:03","guid":{"rendered":"https:\/\/blogs.correiobraziliense.com.br\/servidor\/?p=21669"},"modified":"2026-05-15T21:56:03","modified_gmt":"2026-05-16T00:56:03","slug":"max-kolbe-lanca-livros-sobre-concursos-e-administracao-publica","status":"publish","type":"post","link":"https:\/\/blogs.correiobraziliense.com.br\/servidor\/max-kolbe-lanca-livros-sobre-concursos-e-administracao-publica\/","title":{"rendered":"Max Kolbe lan\u00e7a livros sobre concursos e administra\u00e7\u00e3o p\u00fablica"},"content":{"rendered":"<h2><span style=\"font-weight: 400\">Evento na OAB\/DF ter\u00e1 debates com magistrados e sess\u00e3o de aut\u00f3grafos aberta ao p\u00fablico<\/span><\/h2>\n<p><span style=\"font-weight: 400\">O advogado <\/span><a href=\"https:\/\/www.instagram.com\/max.kolbe\/\"><span style=\"font-weight: 400\">Max Kolbe<\/span><\/a><span style=\"font-weight: 400\"> lan\u00e7a, nesta ter\u00e7a-feira (19\/5), duas obras voltadas ao universo jur\u00eddico e da administra\u00e7\u00e3o p\u00fablica: <em>O Direito nos Concursos P\u00fablicos<\/em>\u00a0e <em>O Processo Administrativo Disciplinar<\/em>. O evento ser\u00e1 realizado \u00e0s 19h30, no Mezanino Jos\u00e9 Gerardo Grossi, na sede da OAB\/DF, em Bras\u00edlia.<\/span><\/p>\n<p><span style=\"font-weight: 400\">Com linguagem objetiva e foco pr\u00e1tico, os livros abordam temas relacionados a concursos p\u00fablicos, processos administrativos disciplinares (PADs) e \u00e0 defesa da legalidade na administra\u00e7\u00e3o p\u00fablica. As obras s\u00e3o voltadas tanto para concurseiros quanto para operadores do Direito.<\/span><\/p>\n<p><span style=\"font-weight: 400\">A programa\u00e7\u00e3o contar\u00e1 ainda com a participa\u00e7\u00e3o do desembargador federal do TRF1 Pablo Zuniga Dourado e do juiz de direito do TJDFT Arag\u00f3n Nunes Fernandes, que participar\u00e3o das mesas de debate sobre os temas abordados nas publica\u00e7\u00f5es e a relev\u00e2ncia da produ\u00e7\u00e3o acad\u00eamica local.<\/span><\/p>\n<p><span style=\"font-weight: 400\">O evento \u00e9 aberto ao p\u00fablico e os livros estar\u00e3o dispon\u00edveis para venda e sess\u00e3o de aut\u00f3grafos com o autor.<\/span><\/p>\n","protected":false},"excerpt":{"rendered":"<p>Evento na OAB\/DF ter\u00e1 debates com magistrados e sess\u00e3o de aut\u00f3grafos aberta ao p\u00fablico O advogado Max Kolbe lan\u00e7a, nesta ter\u00e7a-feira (19\/5), duas obras voltadas ao universo jur\u00eddico e da administra\u00e7\u00e3o p\u00fablica: O Direito nos Concursos P\u00fablicos\u00a0e O Processo Administrativo Disciplinar. O evento ser\u00e1 realizado \u00e0s 19h30, no Mezanino Jos\u00e9 Gerardo Grossi, na sede da OAB\/DF, em Bras\u00edlia. Com linguagem [&hellip;]<\/p>\n","protected":false},"author":74,"featured_media":21670,"comment_status":"open","ping_status":"closed","sticky":false,"template":"","format":"standard","meta":{"footnotes":""},"categories":[2719],"tags":[],"class_list":["post-21669","post","type-post","status-publish","format-standard","has-post-thumbnail","hentry","category-servidor"],"_links":{"self":[{"href":"https:\/\/blogs.correiobraziliense.com.br\/servidor\/wp-json\/wp\/v2\/posts\/21669","targetHints":{"allow":["GET"]}}],"collection":[{"href":"https:\/\/blogs.correiobraziliense.com.br\/servidor\/wp-json\/wp\/v2\/posts"}],"about":[{"href":"https:\/\/blogs.correiobraziliense.com.br\/servidor\/wp-json\/wp\/v2\/types\/post"}],"author":[{"embeddable":true,"href":"https:\/\/blogs.correiobraziliense.com.br\/servidor\/wp-json\/wp\/v2\/users\/74"}],"replies":[{"embeddable":true,"href":"https:\/\/blogs.correiobraziliense.com.br\/servidor\/wp-json\/wp\/v2\/comments?post=21669"}],"version-history":[{"count":1,"href":"https:\/\/blogs.correiobraziliense.com.br\/servidor\/wp-json\/wp\/v2\/posts\/21669\/revisions"}],"predecessor-version":[{"id":21671,"href":"https:\/\/blogs.correiobraziliense.com.br\/servidor\/wp-json\/wp\/v2\/posts\/21669\/revisions\/21671"}],"wp:featuredmedia":[{"embeddable":true,"href":"https:\/\/blogs.correiobraziliense.com.br\/servidor\/wp-json\/wp\/v2\/media\/21670"}],"wp:attachment":[{"href":"https:\/\/blogs.correiobraziliense.com.br\/servidor\/wp-json\/wp\/v2\/media?parent=21669"}],"wp:term":[{"taxonomy":"category","embeddable":true,"href":"https:\/\/blogs.correiobraziliense.com.br\/servidor\/wp-json\/wp\/v2\/categories?post=21669"},{"taxonomy":"post_tag","embeddable":true,"href":"https:\/\/blogs.correiobraziliense.com.br\/servidor\/wp-json\/wp\/v2\/tags?post=21669"}],"curies":[{"name":"wp","href":"https:\/\/api.w.org\/{rel}","templated":true}]}}