{"id":21666,"date":"2026-05-13T22:18:23","date_gmt":"2026-05-14T01:18:23","guid":{"rendered":"https:\/\/blogs.correiobraziliense.com.br\/servidor\/?p=21666"},"modified":"2026-05-13T22:18:23","modified_gmt":"2026-05-14T01:18:23","slug":"pec-preve-reducao-gradual-da-contribuicao-de-servidores-aposentados","status":"publish","type":"post","link":"https:\/\/blogs.correiobraziliense.com.br\/servidor\/pec-preve-reducao-gradual-da-contribuicao-de-servidores-aposentados\/","title":{"rendered":"PEC prev\u00ea redu\u00e7\u00e3o gradual da contribui\u00e7\u00e3o de servidores aposentados"},"content":{"rendered":"<p><span style=\"font-weight: 400\"><strong>Texto por Nathallie Lopes \u2014<\/strong> A <\/span><a href=\"https:\/\/www.camara.leg.br\/proposicoesWeb\/fichadetramitacao?idProposicao=2419252\"><span style=\"font-weight: 400\">PEC 6\/2024<\/span><\/a><span style=\"font-weight: 400\"> prev\u00ea a redu\u00e7\u00e3o gradual da contribui\u00e7\u00e3o previdenci\u00e1ria cobrada de aposentados e pensionistas do servi\u00e7o p\u00fablico vinculados aos Regimes Pr\u00f3prios de Previd\u00eancia Social (RPPS). <\/span><span style=\"font-weight: 400\">Atualmente, servidores p\u00fablicos aposentados continuam contribuindo para a Previd\u00eancia mesmo ap\u00f3s a aposentadoria, diferentemente dos trabalhadores da iniciativa privada. A PEC prop\u00f5e uma redu\u00e7\u00e3o anual de 10% na cobran\u00e7a a partir dos 66 anos para homens e 63 anos para mulheres, at\u00e9 a isen\u00e7\u00e3o total aos 75 e 72 anos, respectivamente.<\/span><\/p>\n<ul>\n<li><strong>Leia tamb\u00e9m:<\/strong>\u00a0<a href=\"https:\/\/www.correiobraziliense.com.br\/politica\/2026\/05\/7411752-governo-reduz-margem-para-consignados-de-aposentados-e-servidores.html\">Governo reduz margem para consignados de aposentados e servidores<\/a><\/li>\n<\/ul>\n<p><span style=\"font-weight: 400\">Segundo Os\u00f3rio Claudio Bortolin, diretor parlamentar do Sinafresp (Sindicato dos Auditores Fiscais da Receita Estadual de S\u00e3o Paulo) e diretor parlamentar da Fenat (Federa\u00e7\u00e3o Nacional dos Fiscais Tribut\u00e1rios), a proposta foi elaborada para reduzir o impacto fiscal em compara\u00e7\u00e3o \u00e0 antiga PEC 555\/2006, que previa a extin\u00e7\u00e3o total da cobran\u00e7a para todos os aposentados.<\/span><\/p>\n<p><span style=\"font-weight: 400\">\u201cA PEC 6\/2024 prop\u00f5e uma redu\u00e7\u00e3o gradual. Ela foi pensada de uma forma equilibrada, porque existe impacto fiscal, mas ele \u00e9 considerado pequeno perto da arrecada\u00e7\u00e3o\u201d, afirmou ao <\/span><b>Correio<\/b><span style=\"font-weight: 400\">.<\/span><\/p>\n<p><span style=\"font-weight: 400\">De acordo com Bortolin, a cobran\u00e7a previdenci\u00e1ria para aposentados do servi\u00e7o p\u00fablico passou a existir ap\u00f3s a Emenda Constitucional 41, de 2003. Segundo ele, \u00e0 \u00e9poca, a medida foi apresentada como tempor\u00e1ria.<\/span><\/p>\n<p><span style=\"font-weight: 400\">\u201cHoje o servidor se aposenta e continua contribuindo para a Previd\u00eancia. A proposta busca reduzir essa cobran\u00e7a de forma gradual, especialmente para aposentados de idade mais avan\u00e7ada, que costumam ter mais gastos com sa\u00fade e medicamentos\u201d, disse.<\/span><\/p>\n<h2><b>Como funcionaria a redu\u00e7\u00e3o?<\/b><\/h2>\n<p><span style=\"font-weight: 400\">Pela proposta, a diminui\u00e7\u00e3o da contribui\u00e7\u00e3o come\u00e7aria apenas ap\u00f3s determinadas idades. Servidores aposentados mais jovens continuariam contribuindo normalmente.<\/span><\/p>\n<p><span style=\"font-weight: 400\">Na pr\u00e1tica, um aposentado que atualmente paga R$ 1 mil de contribui\u00e7\u00e3o previdenci\u00e1ria teria desconto de R$ 900 no primeiro ano ap\u00f3s o in\u00edcio da redu\u00e7\u00e3o, R$ 800 no segundo ano e assim sucessivamente at\u00e9 a isen\u00e7\u00e3o total nas idades previstas pela PEC.<\/span><\/p>\n<p><span style=\"font-weight: 400\">O valor pago varia conforme o ente federativo e a faixa salarial do aposentado. Segundo Bortolin, na Uni\u00e3o as al\u00edquotas podem chegar a 22%. Em S\u00e3o Paulo, por exemplo, a cobran\u00e7a \u00e9 de 16%.<\/span><\/p>\n<p><span style=\"font-weight: 400\">\u201cSe um aposentado recebe R$ 10 mil e contribui com 16%, ele paga cerca de R$ 1,6 mil por m\u00eas\u201d, exemplificou.<\/span><\/p>\n<h2><b>Tramita\u00e7\u00e3o no Congresso<\/b><\/h2>\n<p><span style=\"font-weight: 400\">A PEC 6\/2024 foi apresentada pelo deputado Cleber Verde (MDB-MA) em 2024, mas ainda n\u00e3o avan\u00e7ou na tramita\u00e7\u00e3o da C\u00e2mara dos Deputados.\u00a0<\/span><span style=\"font-weight: 400\">Segundo Bortolin, entidades representativas dos servidores p\u00fablicos defendem que a proposta seja apensada \u00e0 PEC 555\/2006, que trata do mesmo tema e j\u00e1 est\u00e1 pronta para vota\u00e7\u00e3o em plen\u00e1rio.<\/span><\/p>\n<p><span style=\"font-weight: 400\">De acordo com ele, mais de 330 requerimentos de parlamentares pedem o apensamento das propostas, o que poderia acelerar a discuss\u00e3o da mat\u00e9ria no Congresso.\u00a0<\/span><span style=\"font-weight: 400\">\u201cHoje estamos trabalhando para que a PEC 6 seja apensada \u00e0 PEC 555, porque isso encurtaria bastante o caminho da tramita\u00e7\u00e3o\u201d, afirmou.<\/span><\/p>\n<h2>Afresp<\/h2>\n<p><span style=\"font-weight: 400\">A presidente da Afresp (Associa\u00e7\u00e3o dos Auditores Fiscais da Receita Estadual de S\u00e3o Paulo), M\u00f4nica Paim, tamb\u00e9m defende o apensamento da PEC 6\/2024 \u00e0 PEC 555\/2006 para acelerar a tramita\u00e7\u00e3o da proposta no Congresso Nacional.\u00a0<\/span><span style=\"font-weight: 400\">\u201cEm vez de voc\u00ea fazer um d\u00e9ficit na previd\u00eancia de uma forma brusca, ela \u00e9 totalmente previs\u00edvel e escalonada. Porque, veja bem, a contribui\u00e7\u00e3o da previd\u00eancia para os aposentados \u00e9 uma coisa que s\u00f3 existe no servi\u00e7o p\u00fablico. Na empresa privada, o aposentado se aposenta e n\u00e3o paga mais a previd\u00eancia. O servidor p\u00fablico continua pagando\u201d, disse.<\/span><\/p>\n<p><span style=\"font-weight: 400\">\u201cEm todo o Brasil s\u00e3o tr\u00eas milh\u00f5es, e deve ser mais, porque a popula\u00e7\u00e3o est\u00e1 envelhecendo muito. Realmente isso est\u00e1 atingindo muita gente, e a gente n\u00e3o entende por que essa pauta n\u00e3o consegue progredir. Ent\u00e3o, o que n\u00f3s fizemos? N\u00f3s fizemos a PEC 6 e, como a PEC 555 j\u00e1 tramitou por todas as etapas para ser colocada em pauta e votada, a gente est\u00e1 tentando apensar a PEC 6 \u00e0 PEC 555\u201d, destacou. <strong>(colaborou Caetano Yamamoto)<\/strong><\/span><\/p>\n","protected":false},"excerpt":{"rendered":"<p>Texto por Nathallie Lopes \u2014 A PEC 6\/2024 prev\u00ea a redu\u00e7\u00e3o gradual da contribui\u00e7\u00e3o previdenci\u00e1ria cobrada de aposentados e pensionistas do servi\u00e7o p\u00fablico vinculados aos Regimes Pr\u00f3prios de Previd\u00eancia Social (RPPS). Atualmente, servidores p\u00fablicos aposentados continuam contribuindo para a Previd\u00eancia mesmo ap\u00f3s a aposentadoria, diferentemente dos trabalhadores da iniciativa privada. A PEC prop\u00f5e uma redu\u00e7\u00e3o anual de 10% na cobran\u00e7a [&hellip;]<\/p>\n","protected":false},"author":74,"featured_media":21667,"comment_status":"open","ping_status":"closed","sticky":false,"template":"","format":"standard","meta":{"footnotes":""},"categories":[2719],"tags":[],"class_list":["post-21666","post","type-post","status-publish","format-standard","has-post-thumbnail","hentry","category-servidor"],"_links":{"self":[{"href":"https:\/\/blogs.correiobraziliense.com.br\/servidor\/wp-json\/wp\/v2\/posts\/21666","targetHints":{"allow":["GET"]}}],"collection":[{"href":"https:\/\/blogs.correiobraziliense.com.br\/servidor\/wp-json\/wp\/v2\/posts"}],"about":[{"href":"https:\/\/blogs.correiobraziliense.com.br\/servidor\/wp-json\/wp\/v2\/types\/post"}],"author":[{"embeddable":true,"href":"https:\/\/blogs.correiobraziliense.com.br\/servidor\/wp-json\/wp\/v2\/users\/74"}],"replies":[{"embeddable":true,"href":"https:\/\/blogs.correiobraziliense.com.br\/servidor\/wp-json\/wp\/v2\/comments?post=21666"}],"version-history":[{"count":1,"href":"https:\/\/blogs.correiobraziliense.com.br\/servidor\/wp-json\/wp\/v2\/posts\/21666\/revisions"}],"predecessor-version":[{"id":21668,"href":"https:\/\/blogs.correiobraziliense.com.br\/servidor\/wp-json\/wp\/v2\/posts\/21666\/revisions\/21668"}],"wp:featuredmedia":[{"embeddable":true,"href":"https:\/\/blogs.correiobraziliense.com.br\/servidor\/wp-json\/wp\/v2\/media\/21667"}],"wp:attachment":[{"href":"https:\/\/blogs.correiobraziliense.com.br\/servidor\/wp-json\/wp\/v2\/media?parent=21666"}],"wp:term":[{"taxonomy":"category","embeddable":true,"href":"https:\/\/blogs.correiobraziliense.com.br\/servidor\/wp-json\/wp\/v2\/categories?post=21666"},{"taxonomy":"post_tag","embeddable":true,"href":"https:\/\/blogs.correiobraziliense.com.br\/servidor\/wp-json\/wp\/v2\/tags?post=21666"}],"curies":[{"name":"wp","href":"https:\/\/api.w.org\/{rel}","templated":true}]}}