{"id":21658,"date":"2026-05-06T17:46:33","date_gmt":"2026-05-06T20:46:33","guid":{"rendered":"https:\/\/blogs.correiobraziliense.com.br\/servidor\/?p=21658"},"modified":"2026-05-06T17:46:33","modified_gmt":"2026-05-06T20:46:33","slug":"geap-rede-de-saude-dos-servidores-tera-expansao-nacional","status":"publish","type":"post","link":"https:\/\/blogs.correiobraziliense.com.br\/servidor\/geap-rede-de-saude-dos-servidores-tera-expansao-nacional\/","title":{"rendered":"GEAP: Rede de sa\u00fade dos servidores ter\u00e1 expans\u00e3o nacional"},"content":{"rendered":"<h3>Parceria entre a GEAP Autogest\u00e3o em Sa\u00fade e a Central Nacional Unimed adiciona mais de 177 mil prestadores \u00e0 rede e passa a valer a partir de 15 de maio, com exce\u00e7\u00e3o do Distrito Federal<\/h3>\n<p>A assist\u00eancia \u00e0 sa\u00fade dos servidores p\u00fablicos federais passa por uma reconfigura\u00e7\u00e3o com a formaliza\u00e7\u00e3o de uma parceria entre a GEAP Autogest\u00e3o em Sa\u00fade e a Central Nacional Unimed. O acordo, anunciado pelas institui\u00e7\u00f5es nesta quarta-feira (6\/5), amplia a rede de atendimento dispon\u00edvel aos benefici\u00e1rios em todo o pa\u00eds.<\/p>\n<p>Segundo dados divulgados pela GEAP, a coopera\u00e7\u00e3o adiciona mais de 177 mil prestadores \u00e0 rede credenciada. Entre eles est\u00e3o 18,9 mil cl\u00ednicas, 1.776 hospitais, 6.390 laborat\u00f3rios e mais de 102 mil m\u00e9dicos. A expectativa \u00e9 de que a medida aumente a capilaridade dos servi\u00e7os e reduza gargalos no acesso \u00e0 assist\u00eancia, sobretudo em regi\u00f5es historicamente menos atendidas.<\/p>\n<ul>\n<li><strong>Leia tamb\u00e9m:\u00a0<\/strong><strong><a href=\"https:\/\/www.correiobraziliense.com.br\/euestudante\/concursos\/2026\/04\/7407549-reajuste-das-forcas-de-seguranca-do-df-e-sancionado-confira-os-detalhes.html\">Reajuste das for\u00e7as de seguran\u00e7a do DF \u00e9 sancionado; confira os detalhes<\/a><\/strong><\/li>\n<\/ul>\n<p>Os impactos da expans\u00e3o variam entre as regi\u00f5es, com destaque para o Sul (+1.770,5%) e o Sudeste (+1.522,7%), seguidos por Centro-Oeste (+1.181,3%), Nordeste (+512,1%) e Norte (+334,3%). Os percentuais refletem a incorpora\u00e7\u00e3o da estrutura da Unimed \u00e0 rede j\u00e1 existente da GEAP.<\/p>\n<p>O diretor-presidente da GEAP, Douglas Figueredo, afirma que a iniciativa faz parte de um planejamento iniciado em 2023, com foco na amplia\u00e7\u00e3o do acesso e na centralidade do benefici\u00e1rio.\u00a0&#8220;Estamos trazendo o que h\u00e1 de melhor para o centro da nossa assist\u00eancia. \u00c9 um passo preciso que refor\u00e7a o papel da GEAP como protagonista das autogest\u00f5es no pa\u00eds&#8221;, disse o diretor-presidente.<\/p>\n<ul>\n<li><strong>Leia tamb\u00e9m:\u00a0<a href=\"https:\/\/blogs.correiobraziliense.com.br\/servidor\/camara-aprova-limite-nacional-para-carga-horaria-de-policiais-e-bombeiros\/\">C\u00e2mara aprova limite nacional para carga hor\u00e1ria de policiais e bombeiros<\/a><\/strong><\/li>\n<\/ul>\n<p>J\u00e1 o presidente da Unimed, Lu\u00eds Ot\u00e1vio Fernandes, destacou a converg\u00eancia entre as institui\u00e7\u00f5es, especialmente no que diz respeito ao modelo assistencial e \u00e0 valoriza\u00e7\u00e3o do cuidado.\u00a0Fernandes tamb\u00e9m ressaltou o desafio de atender o p\u00fablico do servi\u00e7o p\u00fablico federal, tradicionalmente mais exigente quanto \u00e0 qualidade dos servi\u00e7os. O sistema Unimed, segundo ele, re\u00fane cerca de 21 milh\u00f5es de benefici\u00e1rios em todo o pa\u00eds.<\/p>\n<p>&#8220;Para n\u00f3s, \u00e9 uma honra e uma responsabilidade muito grande receber os clientes da GEAP. O sistema Unimed \u00e9 refer\u00eancia no Brasil, com quase 21 milh\u00f5es de benefici\u00e1rios, e queremos levar essa qualidade, trabalho e renda para o m\u00e9dico na ponta atrav\u00e9s de uma assist\u00eancia de excel\u00eancia&#8221;, declarou Fernandes<\/p>\n<ul>\n<li><strong>Leia tamb\u00e9m:\u00a0<a href=\"https:\/\/blogs.correiobraziliense.com.br\/servidor\/reforma-administrativa-especialistas-e-entidades-debatem-impactos-no-servico-publico\/\">Reforma administrativa: especialistas e entidades debatem impactos no servi\u00e7o p\u00fablico<\/a><\/strong><strong><br \/>\n<\/strong><\/li>\n<\/ul>\n<p>A nova rede estar\u00e1 dispon\u00edvel a partir de 15 de maio. A meta \u00e9 que, em seis meses, o projeto atinja todos os servidores federais vinculados \u00e0 operadora. Embora a abrang\u00eancia da parceria seja nacional, o Distrito Federal \u00e9 uma exce\u00e7\u00e3o, n\u00e3o sendo contemplado pela amplia\u00e7\u00e3o via Unimed neste momento.<\/p>\n","protected":false},"excerpt":{"rendered":"<p>Parceria entre a GEAP Autogest\u00e3o em Sa\u00fade e a Central Nacional Unimed adiciona mais de 177 mil prestadores \u00e0 rede e passa a valer a partir de 15 de maio, com exce\u00e7\u00e3o do Distrito Federal A assist\u00eancia \u00e0 sa\u00fade dos servidores p\u00fablicos federais passa por uma reconfigura\u00e7\u00e3o com a formaliza\u00e7\u00e3o de uma parceria entre a GEAP Autogest\u00e3o em Sa\u00fade e [&hellip;]<\/p>\n","protected":false},"author":135,"featured_media":21659,"comment_status":"open","ping_status":"closed","sticky":false,"template":"","format":"standard","meta":{"footnotes":""},"categories":[1,2719,19512],"tags":[],"class_list":["post-21658","post","type-post","status-publish","format-standard","has-post-thumbnail","hentry","category-sem-categoria","category-servidor","category-servidores-publicos"],"_links":{"self":[{"href":"https:\/\/blogs.correiobraziliense.com.br\/servidor\/wp-json\/wp\/v2\/posts\/21658","targetHints":{"allow":["GET"]}}],"collection":[{"href":"https:\/\/blogs.correiobraziliense.com.br\/servidor\/wp-json\/wp\/v2\/posts"}],"about":[{"href":"https:\/\/blogs.correiobraziliense.com.br\/servidor\/wp-json\/wp\/v2\/types\/post"}],"author":[{"embeddable":true,"href":"https:\/\/blogs.correiobraziliense.com.br\/servidor\/wp-json\/wp\/v2\/users\/135"}],"replies":[{"embeddable":true,"href":"https:\/\/blogs.correiobraziliense.com.br\/servidor\/wp-json\/wp\/v2\/comments?post=21658"}],"version-history":[{"count":4,"href":"https:\/\/blogs.correiobraziliense.com.br\/servidor\/wp-json\/wp\/v2\/posts\/21658\/revisions"}],"predecessor-version":[{"id":21664,"href":"https:\/\/blogs.correiobraziliense.com.br\/servidor\/wp-json\/wp\/v2\/posts\/21658\/revisions\/21664"}],"wp:featuredmedia":[{"embeddable":true,"href":"https:\/\/blogs.correiobraziliense.com.br\/servidor\/wp-json\/wp\/v2\/media\/21659"}],"wp:attachment":[{"href":"https:\/\/blogs.correiobraziliense.com.br\/servidor\/wp-json\/wp\/v2\/media?parent=21658"}],"wp:term":[{"taxonomy":"category","embeddable":true,"href":"https:\/\/blogs.correiobraziliense.com.br\/servidor\/wp-json\/wp\/v2\/categories?post=21658"},{"taxonomy":"post_tag","embeddable":true,"href":"https:\/\/blogs.correiobraziliense.com.br\/servidor\/wp-json\/wp\/v2\/tags?post=21658"}],"curies":[{"name":"wp","href":"https:\/\/api.w.org\/{rel}","templated":true}]}}