{"id":2165,"date":"2016-07-05T16:39:25","date_gmt":"2016-07-05T19:39:25","guid":{"rendered":"https:\/\/blogs.correiobraziliense.com.br\/servidor\/?p=2165"},"modified":"2016-07-08T10:25:57","modified_gmt":"2016-07-08T13:25:57","slug":"governo-vai-ampliar-interacao-com-iniciativa-privada-em-obras-de-infraestrutura-e-processos-de-desestatizacao","status":"publish","type":"post","link":"https:\/\/blogs.correiobraziliense.com.br\/servidor\/governo-vai-ampliar-interacao-com-iniciativa-privada-em-obras-de-infraestrutura-e-processos-de-desestatizacao\/","title":{"rendered":"Governo vai ampliar intera\u00e7\u00e3o com iniciativa privada em obras de infraestrutura e processos de desestatiza\u00e7\u00e3o"},"content":{"rendered":"<p><span style=\"font-family: Calibri,sans-serif;font-size: small\"><span style=\"color: black;font-family: Arial,sans-serif\"><em>Ministro Dyogo Oliveira se reuniu com empres\u00e1rios e dirigentes da Fiesp para discutir sobre <span style=\"font-family: Calibri,sans-serif;font-size: small\"><span style=\"color: black;font-family: Arial,sans-serif\">empreendimentos em rodovias, ferrovias, portos e aeroportos; gera\u00e7\u00e3o de energia el\u00e9trica; combate \u00e0 crise h\u00eddrica: transposi\u00e7\u00e3o do S\u00e3o Francisco e projetos complementares; Olimp\u00edadas e Paralimp\u00edadas 2016; Minha Casa, Minha Vida; saneamento e preven\u00e7\u00e3o em \u00e1reas de risco; defesa e comunica\u00e7\u00e3o.\u200b<\/span><\/span><br \/>\n<\/em><\/span><\/span><\/p>\n<div align=\"justify\"><span style=\"font-family: Calibri,sans-serif;font-size: small\"><span style=\"color: black;font-family: Arial,sans-serif\">E<span style=\"font-family: Calibri,sans-serif;font-size: small\"><span style=\"color: black;font-family: Arial,sans-serif\">m encontro com empres\u00e1rios e dirigentes da Federa\u00e7\u00e3o das Ind\u00fastrias do Estado de S\u00e3o Paulo (Fiesp),\u00a0o ministro interino do Planejamento, Desenvolvimento e Gest\u00e3o, Dyogo Oliveira, disse que <\/span><\/span>\u201co governo federal busca ampliar e fortalecer a intera\u00e7\u00e3o entre o Estado e a iniciativa privada por meio de parcerias para a execu\u00e7\u00e3o de empreendimentos p\u00fablicos de infraestrutura e processos de desestatiza\u00e7\u00e3o\u201d.<\/span><\/span><\/div>\n<div align=\"justify\"><\/div>\n<div align=\"justify\"><span style=\"font-family: Calibri,sans-serif;font-size: small\"><span style=\"color: black;font-family: Arial,sans-serif\">\u201cEstamos aprimorando o modelo de concess\u00f5es para aumentar a seguran\u00e7a jur\u00eddica, fortalecer as ag\u00eancias governamentais, facilitar a entrada de novos investidores e garantir maior participa\u00e7\u00e3o de financiamento privado nos projetos de concess\u00e3o\u201d, informou Oliveira.<\/span><\/span><\/div>\n<div align=\"justify\"><span style=\"font-family: Calibri,sans-serif;font-size: small\"><span style=\"color: black;font-family: Arial,sans-serif\">\u00a0<\/span><\/span><\/div>\n<div align=\"justify\"><span style=\"font-family: Calibri,sans-serif;font-size: small\"><span style=\"color: black;font-family: Arial,sans-serif\">O ministro avaliou no encontro que o Brasil tem grande experi\u00eancia de concess\u00f5es nas \u00e1reas de log\u00edstica e energia. \u201cH\u00e1 um constante processo de melhorias no modelo de concess\u00f5es. H\u00e1 planejamento e programa\u00e7\u00e3o de leil\u00f5es e todos os contratos s\u00e3o respeitados\u201d, considerou.<\/span><\/span><\/div>\n<div align=\"justify\"><span style=\"font-family: Calibri,sans-serif;font-size: small\"><span style=\"color: black;font-family: Arial,sans-serif\">\u00a0<\/span><\/span><\/div>\n<div align=\"justify\"><span style=\"font-family: Calibri,sans-serif;font-size: small\"><span style=\"color: black;font-family: Arial,sans-serif\">Nos \u00faltimos nove anos, a m\u00e9dia de investimentos em infraestrutura foi de R$ 250 bilh\u00f5es por ano. Para os pr\u00f3ximos dois anos, h\u00e1 previs\u00e3o de investimentos de R$ 500 bilh\u00f5es, mantendo-se, portanto, o n\u00edvel j\u00e1 praticado. \u201cO foco ser\u00e1 na conclus\u00e3o de obras em andamento e preserva\u00e7\u00e3o do investimento nas \u00e1reas priorit\u00e1rias. Haver\u00e1 tamb\u00e9m revis\u00e3o da carteira de empreendimentos buscando mais efici\u00eancia, maior benef\u00edcio da popula\u00e7\u00e3o e a retomada de obras paralisadas\u201d, adiantou Oliveira.<\/span><\/span><\/div>\n<div align=\"justify\"><span style=\"font-family: Calibri,sans-serif;font-size: small\"><span style=\"color: black;font-family: Arial,sans-serif\">\u00a0<\/span><\/span><\/div>\n<div align=\"justify\"><span style=\"font-family: Calibri,sans-serif;font-size: small\"><span style=\"color: black;font-family: Arial,sans-serif\">Neste sentido, o ministro relacionou empreendimentos em rodovias, ferrovias, portos e aeroportos; gera\u00e7\u00e3o de energia el\u00e9trica; combate \u00e0 crise h\u00eddrica: transposi\u00e7\u00e3o do S\u00e3o Francisco e projetos complementares; Olimp\u00edadas e Paralimp\u00edadas 2016; Minha Casa, Minha Vida; saneamento e preven\u00e7\u00e3o em \u00e1reas de risco; defesa e comunica\u00e7\u00e3o.\u200b<\/span><\/span><\/div>\n","protected":false},"excerpt":{"rendered":"<p>Ministro Dyogo Oliveira se reuniu com empres\u00e1rios e dirigentes da Fiesp para discutir sobre empreendimentos em rodovias, ferrovias, portos e aeroportos; gera\u00e7\u00e3o de energia el\u00e9trica; combate \u00e0 crise h\u00eddrica: transposi\u00e7\u00e3o do S\u00e3o Francisco e projetos complementares; Olimp\u00edadas e Paralimp\u00edadas 2016; Minha Casa, Minha Vida; saneamento e preven\u00e7\u00e3o em \u00e1reas de risco; defesa e comunica\u00e7\u00e3o.\u200b Em encontro com empres\u00e1rios e dirigentes [&hellip;]<\/p>\n","protected":false},"author":27,"featured_media":0,"comment_status":"open","ping_status":"closed","sticky":false,"template":"","format":"standard","meta":{"footnotes":""},"categories":[1,2719],"tags":[2683,2687,98,487,2685,2684,2686,1295,562],"class_list":["post-2165","post","type-post","status-publish","format-standard","hentry","category-sem-categoria","category-servidor","tag-ampliar","tag-desestatizacao","tag-governo","tag-infraestrutura","tag-iniciativa","tag-interacao","tag-obras","tag-privada","tag-processos"],"_links":{"self":[{"href":"https:\/\/blogs.correiobraziliense.com.br\/servidor\/wp-json\/wp\/v2\/posts\/2165","targetHints":{"allow":["GET"]}}],"collection":[{"href":"https:\/\/blogs.correiobraziliense.com.br\/servidor\/wp-json\/wp\/v2\/posts"}],"about":[{"href":"https:\/\/blogs.correiobraziliense.com.br\/servidor\/wp-json\/wp\/v2\/types\/post"}],"author":[{"embeddable":true,"href":"https:\/\/blogs.correiobraziliense.com.br\/servidor\/wp-json\/wp\/v2\/users\/27"}],"replies":[{"embeddable":true,"href":"https:\/\/blogs.correiobraziliense.com.br\/servidor\/wp-json\/wp\/v2\/comments?post=2165"}],"version-history":[{"count":1,"href":"https:\/\/blogs.correiobraziliense.com.br\/servidor\/wp-json\/wp\/v2\/posts\/2165\/revisions"}],"predecessor-version":[{"id":2166,"href":"https:\/\/blogs.correiobraziliense.com.br\/servidor\/wp-json\/wp\/v2\/posts\/2165\/revisions\/2166"}],"wp:attachment":[{"href":"https:\/\/blogs.correiobraziliense.com.br\/servidor\/wp-json\/wp\/v2\/media?parent=2165"}],"wp:term":[{"taxonomy":"category","embeddable":true,"href":"https:\/\/blogs.correiobraziliense.com.br\/servidor\/wp-json\/wp\/v2\/categories?post=2165"},{"taxonomy":"post_tag","embeddable":true,"href":"https:\/\/blogs.correiobraziliense.com.br\/servidor\/wp-json\/wp\/v2\/tags?post=2165"}],"curies":[{"name":"wp","href":"https:\/\/api.w.org\/{rel}","templated":true}]}}