{"id":2163,"date":"2016-07-05T15:40:48","date_gmt":"2016-07-05T18:40:48","guid":{"rendered":"https:\/\/blogs.correiobraziliense.com.br\/servidor\/?p=2163"},"modified":"2016-07-08T10:25:59","modified_gmt":"2016-07-08T13:25:59","slug":"sindifisco-nacional-se-reune-amanha-com-dyogo-oliveira-para-fazer-acordo-salarial-andar","status":"publish","type":"post","link":"https:\/\/blogs.correiobraziliense.com.br\/servidor\/sindifisco-nacional-se-reune-amanha-com-dyogo-oliveira-para-fazer-acordo-salarial-andar\/","title":{"rendered":"Sindifisco Nacional se re\u00fane amanh\u00e3 com Dyogo Oliveira para fazer acordo salarial andar"},"content":{"rendered":"<p>Para tentar destravar o acordo salarial dos auditores fiscais, fechado em 23 de mar\u00e7o passado, o Sindifisco Nacional se re\u00fane amanh\u00e3 (6) com o ministro do Planejamento, Dyogo Oliveira, \u00e0s 16h. A falta de uma resposta concreta dos interlocutores do governo federal preocupa a categoria, sobretudo porque o presidente Michel Temer deixou claro, v\u00e1rias vezes, que o pactuado com o funcionalismo no governo Dilma Rousseff est\u00e1 mantido.<\/p>\n<p>\u201cEsperamos receber uma sinaliza\u00e7\u00e3o. Porque, do contr\u00e1rio, a categoria vai acirrar o movimento que j\u00e1 est\u00e1 em curso\u201d, cobrou o presidente do Sindifisco Nacional, Cl\u00e1udio Damasceno.<\/p>\n<p>Ele salienta que a insatisfa\u00e7\u00e3o \u00e9 crescente, pois para que os prazos dados aos auditores sejam mantidos, o Pal\u00e1cio do Planalto precisar\u00e1 editar uma medida provis\u00f3ria em vez de um projeto de lei. \u00c9 a \u00fanica forma de fazer o acordo fechado em mar\u00e7o valer a partir de agosto \u2013 o que inclui o reajuste salarial e o come\u00e7o do pagamento do b\u00f4nus de efici\u00eancia.<\/p>\n<p>Desde o dia 23 passado, os auditores realizam \u00e0s ter\u00e7as e quintas-feiras os dias nacionais sem Computador \u2013 quando n\u00e3o acessam o sistema da Receita Federal para a execu\u00e7\u00e3o do trabalho. Paralelamente, desfecharam a Opera\u00e7\u00e3o Meta Zero, na qual h\u00e1 o represamento dos cr\u00e9ditos tribut\u00e1rios obtidos nas a\u00e7\u00f5es de fiscaliza\u00e7\u00e3o para os cofres do Tesouro.<\/p>\n<p>Em 24 de junho, Damasceno e diretores do Sindifisco estiveram com Jorge Rachid e conversaram sobre o andamento do Projeto de Lei 1\/2016. No encontro, o secret\u00e1rio da Receita salientou que n\u00e3o h\u00e1 questionamentos sobre o conte\u00fado do acordo, tanto no que diz respeito \u00e0 remunera\u00e7\u00e3o, quanto sobre a pauta n\u00e3o-remunerat\u00f3ria.<\/p>\n<p>\u201cEra para o projeto de lei ter chegado ao Congresso h\u00e1 tempos. Tivesse acontecido, n\u00e3o haveria tanta tens\u00e3o. E se o governo assegura que o reajuste do funcionalismo j\u00e1 est\u00e1 contemplado nos c\u00e1lculos que fez para este ano, n\u00e3o h\u00e1 justificativa para o atraso\u201d, apontou Damasceno.<\/p>\n","protected":false},"excerpt":{"rendered":"<p>Para tentar destravar o acordo salarial dos auditores fiscais, fechado em 23 de mar\u00e7o passado, o Sindifisco Nacional se re\u00fane amanh\u00e3 (6) com o ministro do Planejamento, Dyogo Oliveira, \u00e0s 16h. A falta de uma resposta concreta dos interlocutores do governo federal preocupa a categoria, sobretudo porque o presidente Michel Temer deixou claro, v\u00e1rias vezes, que o pactuado com o [&hellip;]<\/p>\n","protected":false},"author":27,"featured_media":0,"comment_status":"open","ping_status":"closed","sticky":false,"template":"","format":"standard","meta":{"footnotes":""},"categories":[1,2719],"tags":[112,2682,2255,12,2681,294,2680,18,163],"class_list":["post-2163","post","type-post","status-publish","format-standard","hentry","category-sem-categoria","category-servidor","tag-acordo","tag-autidores","tag-dyogo-oliveira","tag-fiscais","tag-ministro-do-planejamento","tag-receita-federal","tag-reune","tag-salarial","tag-sindifisco-nacional"],"_links":{"self":[{"href":"https:\/\/blogs.correiobraziliense.com.br\/servidor\/wp-json\/wp\/v2\/posts\/2163","targetHints":{"allow":["GET"]}}],"collection":[{"href":"https:\/\/blogs.correiobraziliense.com.br\/servidor\/wp-json\/wp\/v2\/posts"}],"about":[{"href":"https:\/\/blogs.correiobraziliense.com.br\/servidor\/wp-json\/wp\/v2\/types\/post"}],"author":[{"embeddable":true,"href":"https:\/\/blogs.correiobraziliense.com.br\/servidor\/wp-json\/wp\/v2\/users\/27"}],"replies":[{"embeddable":true,"href":"https:\/\/blogs.correiobraziliense.com.br\/servidor\/wp-json\/wp\/v2\/comments?post=2163"}],"version-history":[{"count":1,"href":"https:\/\/blogs.correiobraziliense.com.br\/servidor\/wp-json\/wp\/v2\/posts\/2163\/revisions"}],"predecessor-version":[{"id":2164,"href":"https:\/\/blogs.correiobraziliense.com.br\/servidor\/wp-json\/wp\/v2\/posts\/2163\/revisions\/2164"}],"wp:attachment":[{"href":"https:\/\/blogs.correiobraziliense.com.br\/servidor\/wp-json\/wp\/v2\/media?parent=2163"}],"wp:term":[{"taxonomy":"category","embeddable":true,"href":"https:\/\/blogs.correiobraziliense.com.br\/servidor\/wp-json\/wp\/v2\/categories?post=2163"},{"taxonomy":"post_tag","embeddable":true,"href":"https:\/\/blogs.correiobraziliense.com.br\/servidor\/wp-json\/wp\/v2\/tags?post=2163"}],"curies":[{"name":"wp","href":"https:\/\/api.w.org\/{rel}","templated":true}]}}