{"id":21610,"date":"2025-07-29T12:13:21","date_gmt":"2025-07-29T15:13:21","guid":{"rendered":"https:\/\/blogs.correiobraziliense.com.br\/servidor\/?p=21610"},"modified":"2025-07-29T12:13:21","modified_gmt":"2025-07-29T15:13:21","slug":"pmdf-publica-resultado-de-selecao-para-prestacao-de-tarefa-por-tempo-certo","status":"publish","type":"post","link":"https:\/\/blogs.correiobraziliense.com.br\/servidor\/pmdf-publica-resultado-de-selecao-para-prestacao-de-tarefa-por-tempo-certo\/","title":{"rendered":"PMDF publica resultado de sele\u00e7\u00e3o para Presta\u00e7\u00e3o de Tarefa por Tempo Certo"},"content":{"rendered":"<h2>Sele\u00e7\u00e3o visava o preenchimento de 85 vagas. O edital de abertura foi publicado em 2 de maio de 2024<\/h2>\n<p><strong>Por Raphaela Peixoto<\/strong> \u2014 A Pol\u00edcia Militar do Distrito Federal (PMDF) publicou o resultado do processo seletivo simplificado destinado a policiais inativos para Presta\u00e7\u00e3o de Tarefa por Tempo Certo (PTTC). O documento foi publicado no Di\u00e1rio Oficial do DF (DODF) desta ter\u00e7a-feira (29\/7).<\/p>\n<p>Os candidatos aprovados ter\u00e3o que comparecer na sexta-feira (1\u00ba\/8) \u00e0s 7h30 no audit\u00f3rio do Col\u00e9gio Militar Tiradentes (CMT), munido da identidade funcional para a assinatura do Termo de Compromisso e entrada em exerc\u00edcio na presta\u00e7\u00e3o da tarefa e da Declara\u00e7\u00e3o de N\u00e3o Exerc\u00edcio de Outro Cargo P\u00fablico.<\/p>\n<p>A sele\u00e7\u00e3o visava o preenchimento de 85 vagas. O edital de abertura foi publicado em 2 de maio de 2024.<\/p>\n<h3>Inscri\u00e7\u00f5es abertas para capel\u00e3o<\/h3>\n<p>A Pol\u00edcia Militar do Distrito Federal (PMDF) publicou nesta semana o edital de concurso p\u00fablico para o cargo de oficial capel\u00e3o, destinado a sacerdote da Igreja Cat\u00f3lica Apost\u00f3lica Romana. Est\u00e1 sendo oferecida uma vaga, com remunera\u00e7\u00e3o inicial de R$ 9.623,97.<\/p>\n<p>Os interessados realizar a inscri\u00e7\u00e3o at\u00e9 o dia 28 de agosto, por meio do portal oficial da sele\u00e7\u00e3o. Para se inscrever \u00e9 preciso ter n\u00edvel superior. A taxa de inscri\u00e7\u00e3o \u00e9 de R$ 130. A aplica\u00e7\u00e3o da prova est\u00e1 prevista para o dia 9 de novembro.<\/p>\n","protected":false},"excerpt":{"rendered":"<p>Sele\u00e7\u00e3o visava o preenchimento de 85 vagas. O edital de abertura foi publicado em 2 de maio de 2024 Por Raphaela Peixoto \u2014 A Pol\u00edcia Militar do Distrito Federal (PMDF) publicou o resultado do processo seletivo simplificado destinado a policiais inativos para Presta\u00e7\u00e3o de Tarefa por Tempo Certo (PTTC). O documento foi publicado no Di\u00e1rio Oficial do DF (DODF) desta [&hellip;]<\/p>\n","protected":false},"author":159,"featured_media":21288,"comment_status":"open","ping_status":"closed","sticky":false,"template":"","format":"standard","meta":{"footnotes":""},"categories":[19530,1,19497,19512],"tags":[6237,2508,3645,8],"class_list":["post-21610","post","type-post","status-publish","format-standard","has-post-thumbnail","hentry","category-seguranca-publica","category-sem-categoria","category-servico-publico","category-servidores-publicos","tag-pmdf","tag-resultado","tag-selecao","tag-servidor"],"_links":{"self":[{"href":"https:\/\/blogs.correiobraziliense.com.br\/servidor\/wp-json\/wp\/v2\/posts\/21610","targetHints":{"allow":["GET"]}}],"collection":[{"href":"https:\/\/blogs.correiobraziliense.com.br\/servidor\/wp-json\/wp\/v2\/posts"}],"about":[{"href":"https:\/\/blogs.correiobraziliense.com.br\/servidor\/wp-json\/wp\/v2\/types\/post"}],"author":[{"embeddable":true,"href":"https:\/\/blogs.correiobraziliense.com.br\/servidor\/wp-json\/wp\/v2\/users\/159"}],"replies":[{"embeddable":true,"href":"https:\/\/blogs.correiobraziliense.com.br\/servidor\/wp-json\/wp\/v2\/comments?post=21610"}],"version-history":[{"count":1,"href":"https:\/\/blogs.correiobraziliense.com.br\/servidor\/wp-json\/wp\/v2\/posts\/21610\/revisions"}],"predecessor-version":[{"id":21611,"href":"https:\/\/blogs.correiobraziliense.com.br\/servidor\/wp-json\/wp\/v2\/posts\/21610\/revisions\/21611"}],"wp:featuredmedia":[{"embeddable":true,"href":"https:\/\/blogs.correiobraziliense.com.br\/servidor\/wp-json\/wp\/v2\/media\/21288"}],"wp:attachment":[{"href":"https:\/\/blogs.correiobraziliense.com.br\/servidor\/wp-json\/wp\/v2\/media?parent=21610"}],"wp:term":[{"taxonomy":"category","embeddable":true,"href":"https:\/\/blogs.correiobraziliense.com.br\/servidor\/wp-json\/wp\/v2\/categories?post=21610"},{"taxonomy":"post_tag","embeddable":true,"href":"https:\/\/blogs.correiobraziliense.com.br\/servidor\/wp-json\/wp\/v2\/tags?post=21610"}],"curies":[{"name":"wp","href":"https:\/\/api.w.org\/{rel}","templated":true}]}}