{"id":21604,"date":"2025-06-18T22:05:05","date_gmt":"2025-06-19T01:05:05","guid":{"rendered":"https:\/\/blogs.correiobraziliense.com.br\/servidor\/?p=21604"},"modified":"2025-06-18T22:15:42","modified_gmt":"2025-06-19T01:15:42","slug":"primeiro-curso-de-formacao-de-carreira-do-concurso-unificado-e-concluido","status":"publish","type":"post","link":"https:\/\/blogs.correiobraziliense.com.br\/servidor\/primeiro-curso-de-formacao-de-carreira-do-concurso-unificado-e-concluido\/","title":{"rendered":"Primeiro curso de forma\u00e7\u00e3o de carreira do Concurso Unificado \u00e9 conclu\u00eddo"},"content":{"rendered":"<h3>Enap realizou na tarde desta quarta-feira (18\/6) a cerim\u00f4nia de encerramento do curso de forma\u00e7\u00e3o da carreira de Analista de Com\u00e9rcio Exterior (ACE)<\/h3>\n<p><strong>Por Raphaela Peixoto \u2014<\/strong> A Escola Nacional de Administra\u00e7\u00e3o P\u00fablica (Enap) realizou, nesta quarta-feira (18\/6), a cerim\u00f4nia de encerramento do curso de forma\u00e7\u00e3o dos aprovados no Concurso P\u00fablico Nacional Unificado (CPNU) para o cargo de analista de com\u00e9rcio exterior. A capacita\u00e7\u00e3o, iniciada em 1\u00ba de abril, teve dura\u00e7\u00e3o de 380 horas e foi conduzida de forma presencial na sede da institui\u00e7\u00e3o, em Bras\u00edlia.<\/p>\n<p>Durante a abertura do evento, a presidenta da Enap, Bet\u00e2nia Lemos, destacou o compromisso da escola em oferecer uma forma\u00e7\u00e3o abrangente. \u201cAl\u00e9m da parte t\u00e9cnica e acad\u00eamica, muito bem preparada com esmero e cuidado, priorizamos tamb\u00e9m aspectos comportamentais, \u00e9ticos e a constru\u00e7\u00e3o de redes, que s\u00e3o diferenciais no servi\u00e7o p\u00fablico\u201d, afirmou.<\/p>\n<p>Ao todo, 46 candidatos que conclu\u00edram o curso de forma\u00e7\u00e3o estiveram no evento que contou com uma aula magna ministrada pelo secret\u00e1rio extraordin\u00e1rio para a Transforma\u00e7\u00e3o do Estado do Minist\u00e9rio da Gest\u00e3o e da Inova\u00e7\u00e3o (SETE\/MGI), Francisco Gaetani. O tema era \u201cPerspectivas para o futuro da gest\u00e3o p\u00fablica\u201d. Gaetani ressaltou, em seu discurso, a relev\u00e2ncia da carreira de analista de com\u00e9rcio exterior, afirmando que o tema est\u00e1 &#8220;no topo da agenda global&#8221;.<\/p>\n<p>A cerim\u00f4nia contou ainda com a presen\u00e7a de autoridades como Julia Alves Marinho Rodrigues, secret\u00e1ria de Articula\u00e7\u00e3o e Monitoramento da Casa Civil da Presid\u00eancia da Rep\u00fablica, e Uallace Moreira Lima, secret\u00e1rio de Desenvolvimento Industrial, Inova\u00e7\u00e3o, Com\u00e9rcio e Servi\u00e7os do Minist\u00e9rio do Desenvolvimento, Ind\u00fastria, Com\u00e9rcio e Servi\u00e7os (MDIC).<\/p>\n<p>O curso de forma\u00e7\u00e3o para analista de com\u00e9rcio exterior \u00e9 o primeiro de cinco oferecidos pela Enap para as carreiras estrat\u00e9gicas contempladas no CPNU. Ainda est\u00e3o em andamento as forma\u00e7\u00f5es para os cargos de Especialista em Pol\u00edticas P\u00fablicas e Gest\u00e3o Governamental (EPPGG), Analista de Infraestrutura (AIE), Analista em Tecnologia da Informa\u00e7\u00e3o (ATI) e Analista T\u00e9cnico de Pol\u00edticas Sociais (ATPS).<\/p>\n<p>O curso de forma\u00e7\u00e3o \u00e9 uma fase obrigat\u00f3ria, eliminat\u00f3ria e classificat\u00f3ria para nove cargos dos blocos de 1 a 7. Os cursos s\u00e3o realizados em Bras\u00edlia (DF) e Rio de Janeiro (RJ) e a carga hor\u00e1ria varia conforme o cargo, podendo chegar a 580 horas. Al\u00e9m da Enap, o Cebraspe tamb\u00e9m conduz esta etapa do certam<\/p>\n<h3>Vagas previstas para Enap no CPNU 2<\/h3>\n<p>Na edi\u00e7\u00e3o do Enem dos Concursos deste ano, est\u00e3o previstas 21 vagas para o cargo de t\u00e9cnico em assuntos educacionais, que exige n\u00edvel superior. Ao todo ser\u00e3o ofertadas 3.652 vagas para 36 \u00f3rg\u00e3os federais \u2014 3.144 de n\u00edvel superior e 508 de n\u00edvel intermedi\u00e1rio. Dessas, 2.480 s\u00e3o para provimento imediato e 1.172 para contrata\u00e7\u00e3o em curto prazo ap\u00f3s a homologa\u00e7\u00e3o dos resultados. Para a pr\u00f3pria Enap, est\u00e3o previstas 21 vagas para o cargo de t\u00e9cnico em assuntos educacionais, que exige n\u00edvel superior.<\/p>\n<p>\u00c0 imprensa, Lemos comentou a respeito do papel da Enap na segunda edi\u00e7\u00e3o do CPNU. \u201cNeste ano, a Enap n\u00e3o ser\u00e1 banca de concurso, mas ela estar\u00e1 \u00e0 frente n\u00e3o s\u00f3 da concep\u00e7\u00e3o de conte\u00fado, mas tamb\u00e9m na de implementa\u00e7\u00e3o e de todas as etapas do concurso. E claro, estaremos respons\u00e1veis pelo curso de forma\u00e7\u00e3o\u201d.<\/p>\n","protected":false},"excerpt":{"rendered":"<p>Enap realizou na tarde desta quarta-feira (18\/6) a cerim\u00f4nia de encerramento do curso de forma\u00e7\u00e3o da carreira de Analista de Com\u00e9rcio Exterior (ACE) Por Raphaela Peixoto \u2014 A Escola Nacional de Administra\u00e7\u00e3o P\u00fablica (Enap) realizou, nesta quarta-feira (18\/6), a cerim\u00f4nia de encerramento do curso de forma\u00e7\u00e3o dos aprovados no Concurso P\u00fablico Nacional Unificado (CPNU) para o cargo de analista de [&hellip;]<\/p>\n","protected":false},"author":74,"featured_media":21605,"comment_status":"open","ping_status":"closed","sticky":false,"template":"","format":"standard","meta":{"footnotes":""},"categories":[2719],"tags":[],"class_list":["post-21604","post","type-post","status-publish","format-standard","has-post-thumbnail","hentry","category-servidor"],"_links":{"self":[{"href":"https:\/\/blogs.correiobraziliense.com.br\/servidor\/wp-json\/wp\/v2\/posts\/21604","targetHints":{"allow":["GET"]}}],"collection":[{"href":"https:\/\/blogs.correiobraziliense.com.br\/servidor\/wp-json\/wp\/v2\/posts"}],"about":[{"href":"https:\/\/blogs.correiobraziliense.com.br\/servidor\/wp-json\/wp\/v2\/types\/post"}],"author":[{"embeddable":true,"href":"https:\/\/blogs.correiobraziliense.com.br\/servidor\/wp-json\/wp\/v2\/users\/74"}],"replies":[{"embeddable":true,"href":"https:\/\/blogs.correiobraziliense.com.br\/servidor\/wp-json\/wp\/v2\/comments?post=21604"}],"version-history":[{"count":2,"href":"https:\/\/blogs.correiobraziliense.com.br\/servidor\/wp-json\/wp\/v2\/posts\/21604\/revisions"}],"predecessor-version":[{"id":21607,"href":"https:\/\/blogs.correiobraziliense.com.br\/servidor\/wp-json\/wp\/v2\/posts\/21604\/revisions\/21607"}],"wp:featuredmedia":[{"embeddable":true,"href":"https:\/\/blogs.correiobraziliense.com.br\/servidor\/wp-json\/wp\/v2\/media\/21605"}],"wp:attachment":[{"href":"https:\/\/blogs.correiobraziliense.com.br\/servidor\/wp-json\/wp\/v2\/media?parent=21604"}],"wp:term":[{"taxonomy":"category","embeddable":true,"href":"https:\/\/blogs.correiobraziliense.com.br\/servidor\/wp-json\/wp\/v2\/categories?post=21604"},{"taxonomy":"post_tag","embeddable":true,"href":"https:\/\/blogs.correiobraziliense.com.br\/servidor\/wp-json\/wp\/v2\/tags?post=21604"}],"curies":[{"name":"wp","href":"https:\/\/api.w.org\/{rel}","templated":true}]}}