{"id":21593,"date":"2025-03-07T17:33:23","date_gmt":"2025-03-07T20:33:23","guid":{"rendered":"https:\/\/blogs.correiobraziliense.com.br\/servidor\/?p=21593"},"modified":"2025-03-07T17:35:17","modified_gmt":"2025-03-07T20:35:17","slug":"dia-em-memoria-de-policiais-mortos-alerta-para-assassinato-de-agentes","status":"publish","type":"post","link":"https:\/\/blogs.correiobraziliense.com.br\/servidor\/dia-em-memoria-de-policiais-mortos-alerta-para-assassinato-de-agentes\/","title":{"rendered":"Dia em Mem\u00f3ria de Policiais Mortos alerta para assassinato de agentes"},"content":{"rendered":"<p><em><strong>Duzentos e seis profissionais de seguran\u00e7a tiveram mortes violentas em 2024, segundo dados do Minist\u00e9rio da Justi\u00e7a e Seguran\u00e7a P\u00fablica<\/strong><\/em><\/p>\n<p><strong>Francisco Artur de Lima<\/strong><\/p>\n<p>Nesta sexta-feira (7\/3), celebra-se em todo o mundo o Dia Internacional em Mem\u00f3ria dos Policiais Mortos. Criada pela Pol\u00edcia Internacional (Interpol) em 2019, a data \u00e9 um lembrete de que policiais mortos em of\u00edcio contribu\u00edram no fortalecimento das bases globais de seguran\u00e7a.<\/p>\n<p>No Brasil, em 2024, 206 de policiais morreram em decorr\u00eancia de causa violentas. As informa\u00e7\u00f5es s\u00e3o disponibilizadas no\u00a0Sistema Nacional de Informa\u00e7\u00f5es de Seguran\u00e7a P\u00fablica (Sinespe), do Minist\u00e9rio da Justi\u00e7a e Seguran\u00e7a P\u00fablica.<\/p>\n<p>Do total de mortes de policiais, 145 referem-se \u00e0 Pol\u00edcia Militar, 21 do Corpo de Bombeiros, 19 agentes da Pol\u00edcia Penal, 14 da Pol\u00edcia Civil, cinco da Guarda Municipal, um da Pol\u00edcia Rodovi\u00e1ria Federal e um profissional que atua na per\u00edcia.<\/p>\n<h2><strong>Mortes de policiais por g\u00eanero<\/strong><\/h2>\n<p>O Sinespe tamb\u00e9m divulgou o recorte de g\u00eanero dos policias v\u00edtimas de morte violenta. Segundo os dados do minist\u00e9rio, 95,6% s\u00e3o homens. Em n\u00fameros, isso equivale a 197 mortes violentas de policiais em 2024.<\/p>\n<h2><strong>Morte de policiais por estado<\/strong><\/h2>\n<p>O Rio de Janeiro lidera lista de profissionais de seguran\u00e7a v\u00edtimas de mortes violentas. De acordo com o Sinespe, 33,9% do total deste total de mortes ocorreram no Rio.\u00a0Em segundo lugar, a lista mostra o estado de S\u00e3o Paulo com mais mortes violentas. Em terras paulistas, morreram 32 profissionais de seguran\u00e7a p\u00fablica em 2024.\u00a0 Em terceiro, vem o estado do Par\u00e1, com 25 mortes violentas de agentes de seguran\u00e7a registradas pelo Minist\u00e9rio da Justi\u00e7a.<\/p>\n<figure id=\"attachment_21594\" aria-describedby=\"caption-attachment-21594\" style=\"width: 300px\" class=\"wp-caption alignnone\"><a href=\"https:\/\/blogs.correiobraziliense.com.br\/servidor\/wp-content\/uploads\/sites\/10\/2025\/03\/Policiais-sp.jpeg\"><img loading=\"lazy\" decoding=\"async\" class=\"size-medium wp-image-21594\" src=\"https:\/\/blogs.correiobraziliense.com.br\/servidor\/wp-content\/uploads\/sites\/10\/2025\/03\/Policiais-sp-300x200.jpeg\" alt=\"\" width=\"300\" height=\"200\" srcset=\"https:\/\/blogs.correiobraziliense.com.br\/servidor\/wp-content\/uploads\/sites\/10\/2025\/03\/Policiais-sp-300x200.jpeg 300w, https:\/\/blogs.correiobraziliense.com.br\/servidor\/wp-content\/uploads\/sites\/10\/2025\/03\/Policiais-sp-550x367.jpeg 550w, https:\/\/blogs.correiobraziliense.com.br\/servidor\/wp-content\/uploads\/sites\/10\/2025\/03\/Policiais-sp-230x153.jpeg 230w, https:\/\/blogs.correiobraziliense.com.br\/servidor\/wp-content\/uploads\/sites\/10\/2025\/03\/Policiais-sp.jpeg 675w\" sizes=\"auto, (max-width: 300px) 100vw, 300px\" \/><\/a><figcaption id=\"caption-attachment-21594\" class=\"wp-caption-text\">Cr\u00e9dito: Divulga\u00e7\u00e3o SSP\/SP<\/figcaption><\/figure>\n","protected":false},"excerpt":{"rendered":"<p>Duzentos e seis profissionais de seguran\u00e7a tiveram mortes violentas em 2024, segundo dados do Minist\u00e9rio da Justi\u00e7a e Seguran\u00e7a P\u00fablica Francisco Artur de Lima Nesta sexta-feira (7\/3), celebra-se em todo o mundo o Dia Internacional em Mem\u00f3ria dos Policiais Mortos. Criada pela Pol\u00edcia Internacional (Interpol) em 2019, a data \u00e9 um lembrete de que policiais mortos em of\u00edcio contribu\u00edram no [&hellip;]<\/p>\n","protected":false},"author":156,"featured_media":21594,"comment_status":"open","ping_status":"closed","sticky":false,"template":"","format":"standard","meta":{"footnotes":""},"categories":[19530],"tags":[3163,110,208],"class_list":["post-21593","post","type-post","status-publish","format-standard","has-post-thumbnail","hentry","category-seguranca-publica","tag-pm","tag-policiais","tag-seguranca"],"_links":{"self":[{"href":"https:\/\/blogs.correiobraziliense.com.br\/servidor\/wp-json\/wp\/v2\/posts\/21593","targetHints":{"allow":["GET"]}}],"collection":[{"href":"https:\/\/blogs.correiobraziliense.com.br\/servidor\/wp-json\/wp\/v2\/posts"}],"about":[{"href":"https:\/\/blogs.correiobraziliense.com.br\/servidor\/wp-json\/wp\/v2\/types\/post"}],"author":[{"embeddable":true,"href":"https:\/\/blogs.correiobraziliense.com.br\/servidor\/wp-json\/wp\/v2\/users\/156"}],"replies":[{"embeddable":true,"href":"https:\/\/blogs.correiobraziliense.com.br\/servidor\/wp-json\/wp\/v2\/comments?post=21593"}],"version-history":[{"count":3,"href":"https:\/\/blogs.correiobraziliense.com.br\/servidor\/wp-json\/wp\/v2\/posts\/21593\/revisions"}],"predecessor-version":[{"id":21598,"href":"https:\/\/blogs.correiobraziliense.com.br\/servidor\/wp-json\/wp\/v2\/posts\/21593\/revisions\/21598"}],"wp:featuredmedia":[{"embeddable":true,"href":"https:\/\/blogs.correiobraziliense.com.br\/servidor\/wp-json\/wp\/v2\/media\/21594"}],"wp:attachment":[{"href":"https:\/\/blogs.correiobraziliense.com.br\/servidor\/wp-json\/wp\/v2\/media?parent=21593"}],"wp:term":[{"taxonomy":"category","embeddable":true,"href":"https:\/\/blogs.correiobraziliense.com.br\/servidor\/wp-json\/wp\/v2\/categories?post=21593"},{"taxonomy":"post_tag","embeddable":true,"href":"https:\/\/blogs.correiobraziliense.com.br\/servidor\/wp-json\/wp\/v2\/tags?post=21593"}],"curies":[{"name":"wp","href":"https:\/\/api.w.org\/{rel}","templated":true}]}}