{"id":2159,"date":"2016-07-05T14:52:31","date_gmt":"2016-07-05T17:52:31","guid":{"rendered":"https:\/\/blogs.correiobraziliense.com.br\/servidor\/?p=2159"},"modified":"2016-07-08T10:26:02","modified_gmt":"2016-07-08T13:26:02","slug":"parecer-sobre-estabilidade-para-servidor-sem-concurso-sera-votado-na-quarta","status":"publish","type":"post","link":"https:\/\/blogs.correiobraziliense.com.br\/servidor\/parecer-sobre-estabilidade-para-servidor-sem-concurso-sera-votado-na-quarta\/","title":{"rendered":"Parecer sobre estabilidade para servidor sem concurso ser\u00e1 votado na quarta"},"content":{"rendered":"<p><em>Proposta em an\u00e1lise na C\u00e2mara concede estabilidade ao trabalhador celetista que entrou na Administra\u00e7\u00e3o P\u00fablica at\u00e9 1990*<\/em><\/p>\n<p>A <span class=\"termoGlossario\">comiss\u00e3o especial<\/span> que analisa a Proposta de Emenda a Constitui\u00e7\u00e3o (PEC) <a href=\"http:\/\/www2.camara.leg.br\/camaranoticias\/noticias\/ADMINISTRACAO-PUBLICA\/191905-PEC-DA-ESTABILIDADE-A-SERVIDOR-CONTRATADO-SEM-CONCURSO-ANTES-DE-1990.html\" target=\"_blank\">518\/10<\/a>, que concede estabilidade ao servidor p\u00fablico n\u00e3o concursado,\u00a0re\u00fane-se nesta quarta-feira (6) para discutir e votar o parecer do relator, deputado \u00c1tila Lins (PSD-AM).<\/p>\n<p>Lins recomenda a aprova\u00e7\u00e3o da PEC. <a href=\"http:\/\/www.camara.gov.br\/proposicoesWeb\/prop_mostrarintegra?codteor=1462307\" target=\"_blank\">Confira a \u00edntegra do parecer.<\/a><\/p>\n<div id=\"conteudoNoticia\">\n<p>A proposta em an\u00e1lise na comiss\u00e3o, do deputado Pompeo de Mattos (PDT-RS), concede estabilidade ao servidor p\u00fablico n\u00e3o concursado em exerc\u00edcio na data de in\u00edcio da vig\u00eancia do Regime Jur\u00eddico dos Servidores da Uni\u00e3o (Lei <a href=\"http:\/\/www2.camara.leg.br\/legin\/fed\/lei\/1990\/lei-8112-11-dezembro-1990-322161-norma-pl.html\" target=\"_blank\">8.112\/90<\/a>). Essa legisla\u00e7\u00e3o entrou em vigor no dia 12 de dezembro de 1990.<\/p>\n<p>O texto beneficia os funcion\u00e1rios de todos os poderes, nos tr\u00eas \u00e2mbitos das administra\u00e7\u00f5es direta e indireta (federal, estadual e municipal), admitidos pela Consolida\u00e7\u00e3o das Leis do Trabalho (CLT &#8211; Decreto-Lei <a href=\"http:\/\/www2.camara.leg.br\/legin\/fed\/declei\/1940-1949\/decreto-lei-5452-1-maio-1943-415500-norma-pe.html\" target=\"_blank\">5.452\/43<\/a>).<\/p>\n<p>Atualmente, a garantia de estabilidade para servidores sem concurso \u00e9 v\u00e1lida somente para aqueles que estavam em atividade em 5 outubro de 1988 \u2013 data da promulga\u00e7\u00e3o da Constitui\u00e7\u00e3o \u2013 e ocupavam o cargo h\u00e1 pelo menos cinco anos.<\/p>\n<p>A reuni\u00e3o est\u00e1 marcada para as 14h30, em plen\u00e1rio a definir.<\/p>\n<p><a href=\"http:\/\/www2.camara.leg.br\/camaranoticias\/noticias\/POLITICA\/481883-CONHECA-A-TRAMITACAO-DE-PROPOSTAS-DE-EMENDA-A-CONSTITUICAO.html\" target=\"_blank\">Saiba mais sobre a tramita\u00e7\u00e3o de PECs<\/a><\/p>\n<\/div>\n<div class=\"divBlocoContinuacao\">\n<div id=\"proposicao\">\n<h4>\u00cdntegra da proposta:<\/h4>\n<ul>\n<li><a href=\"http:\/\/www.camara.gov.br\/internet\/sileg\/Prop_Detalhe.asp?id=486477\">PEC-518\/2010<\/a><\/li>\n<\/ul>\n<p><em>*Fonte: Ag\u00eancia C\u00e2mara<\/em><\/p>\n<\/div>\n<\/div>\n","protected":false},"excerpt":{"rendered":"<p>Proposta em an\u00e1lise na C\u00e2mara concede estabilidade ao trabalhador celetista que entrou na Administra\u00e7\u00e3o P\u00fablica at\u00e9 1990* A comiss\u00e3o especial que analisa a Proposta de Emenda a Constitui\u00e7\u00e3o (PEC) 518\/10, que concede estabilidade ao servidor p\u00fablico n\u00e3o concursado,\u00a0re\u00fane-se nesta quarta-feira (6) para discutir e votar o parecer do relator, deputado \u00c1tila Lins (PSD-AM). Lins recomenda a aprova\u00e7\u00e3o da PEC. Confira [&hellip;]<\/p>\n","protected":false},"author":27,"featured_media":0,"comment_status":"open","ping_status":"closed","sticky":false,"template":"","format":"standard","meta":{"footnotes":""},"categories":[1,2719],"tags":[61,2669,2670,93,2668,1069,8,1958],"class_list":["post-2159","post","type-post","status-publish","format-standard","hentry","category-sem-categoria","category-servidor","tag-camara","tag-celetita","tag-concursado","tag-concurso","tag-estabiliade","tag-parecer","tag-servidor","tag-votado"],"_links":{"self":[{"href":"https:\/\/blogs.correiobraziliense.com.br\/servidor\/wp-json\/wp\/v2\/posts\/2159","targetHints":{"allow":["GET"]}}],"collection":[{"href":"https:\/\/blogs.correiobraziliense.com.br\/servidor\/wp-json\/wp\/v2\/posts"}],"about":[{"href":"https:\/\/blogs.correiobraziliense.com.br\/servidor\/wp-json\/wp\/v2\/types\/post"}],"author":[{"embeddable":true,"href":"https:\/\/blogs.correiobraziliense.com.br\/servidor\/wp-json\/wp\/v2\/users\/27"}],"replies":[{"embeddable":true,"href":"https:\/\/blogs.correiobraziliense.com.br\/servidor\/wp-json\/wp\/v2\/comments?post=2159"}],"version-history":[{"count":1,"href":"https:\/\/blogs.correiobraziliense.com.br\/servidor\/wp-json\/wp\/v2\/posts\/2159\/revisions"}],"predecessor-version":[{"id":2160,"href":"https:\/\/blogs.correiobraziliense.com.br\/servidor\/wp-json\/wp\/v2\/posts\/2159\/revisions\/2160"}],"wp:attachment":[{"href":"https:\/\/blogs.correiobraziliense.com.br\/servidor\/wp-json\/wp\/v2\/media?parent=2159"}],"wp:term":[{"taxonomy":"category","embeddable":true,"href":"https:\/\/blogs.correiobraziliense.com.br\/servidor\/wp-json\/wp\/v2\/categories?post=2159"},{"taxonomy":"post_tag","embeddable":true,"href":"https:\/\/blogs.correiobraziliense.com.br\/servidor\/wp-json\/wp\/v2\/tags?post=2159"}],"curies":[{"name":"wp","href":"https:\/\/api.w.org\/{rel}","templated":true}]}}