{"id":21584,"date":"2025-03-06T16:11:24","date_gmt":"2025-03-06T19:11:24","guid":{"rendered":"https:\/\/blogs.correiobraziliense.com.br\/servidor\/?p=21584"},"modified":"2025-03-06T17:56:18","modified_gmt":"2025-03-06T20:56:18","slug":"servidores-do-instituto-de-previdencia-do-gdf-pedem-reestruturacao-salarial","status":"publish","type":"post","link":"https:\/\/blogs.correiobraziliense.com.br\/servidor\/servidores-do-instituto-de-previdencia-do-gdf-pedem-reestruturacao-salarial\/","title":{"rendered":"Servidores do Instituto de Previd\u00eancia do GDF pedem reestrutura\u00e7\u00e3o salarial"},"content":{"rendered":"<p><strong>Por Francisco Artur de Lima \u2014\u00a0<\/strong>A\u00a0Associa\u00e7\u00e3o do Servidores do Instituto de Previd\u00eancia dos Servidores do Distrito Federal (Asprev\/DF) apresentou ao governo local uma proposta de\u00a0reajuste salarial\u00a0aos servidores efetivos do \u00f3rg\u00e3o \u2014 que \u00e9 respons\u00e1vel por gerir aposentadorias de funcion\u00e1rios p\u00fablicos do GDF e da C\u00e2mara Legislativa.<\/p>\n<p>De acordo com a associa\u00e7\u00e3o, a proposta foi apresentada no dia 28 de fevereiro \u00e0 diretoria do Instituto de Previd\u00eancia dos Servidores do Distrito Federal (Iprev-DF). Esse texto, no entanto, depender\u00e1 de aprova\u00e7\u00e3o na C\u00e2mara Legislativa do Distrito Federal (CLDF).<\/p>\n<h2><strong>Defasagem salarial<\/strong><\/h2>\n<p>A justificativa para a proposta apresentada pela Asprev\/DF aponta ao\u00a0 fato de que a carreira de analista previdenci\u00e1rio, criada em 2020,\u00a0 segue com vencimentos defasados em compara\u00e7\u00e3o com carreiras similares no governo do DF.<\/p>\n<p>A \u00faltima recomposi\u00e7\u00e3o salarial, segundo a associa\u00e7\u00e3o, ocorreu em 2022. Essa defasagem, continua o grupo,\u00a0tem gerado dificuldades na reten\u00e7\u00e3o de talentos, o que pode comprometer a qualidade na gest\u00e3o previdenci\u00e1ria.<\/p>\n<p>&#8220;Para solucionar esse problema, o projeto prev\u00ea a atualiza\u00e7\u00e3o da tabela remunerat\u00f3ria e a revis\u00e3o dos percentuais da Gratifica\u00e7\u00e3o por Habilita\u00e7\u00e3o em Atividades Previdenci\u00e1rias (GHPrev), incentivando a qualifica\u00e7\u00e3o dos servidores&#8221;, afirma o sindicato, em comunicado enviado ao <strong>Blog<\/strong>.<\/p>\n<p>Em resposta ao <strong>Correio<\/strong>, o Iprev confirmou recebimento da proposta apresentada pela associa\u00e7\u00e3o. Confira a nota na \u00edntegra:<\/p>\n<p>&#8220;A diretoria do Instituto de Previd\u00eancia dos Servidores do Distrito Federal (Iprev-DF) informa que recepcionou a proposta de Reestrutura\u00e7\u00e3o da Carreira de Analista Previdenci\u00e1rio, apresentada pela Associa\u00e7\u00e3o dos Servidores da Carreira de Atividades Previdenci\u00e1rias do Iprev-DF, e ir\u00e1 promover o que disp\u00f5e a legisla\u00e7\u00e3o sobre\u00a0os procedimentos administrativos nos casos de despesas no \u00e2mbito do Poder Executivo do DF, encaminhando \u00e0 Secretaria de Economia para avaliar e adotar as provid\u00eancias pertinentes \u00e0 demanda.&#8221;<\/p>\n<figure id=\"attachment_21585\" aria-describedby=\"caption-attachment-21585\" style=\"width: 300px\" class=\"wp-caption alignnone\"><a href=\"https:\/\/blogs.correiobraziliense.com.br\/servidor\/wp-content\/uploads\/sites\/10\/2025\/03\/1_whatsapp_image_2023_12_27_at_14_36_09-33741642.jpeg\"><img loading=\"lazy\" decoding=\"async\" class=\"size-medium wp-image-21585\" src=\"https:\/\/blogs.correiobraziliense.com.br\/servidor\/wp-content\/uploads\/sites\/10\/2025\/03\/1_whatsapp_image_2023_12_27_at_14_36_09-33741642-300x200.jpeg\" alt=\"\" width=\"300\" height=\"200\" srcset=\"https:\/\/blogs.correiobraziliense.com.br\/servidor\/wp-content\/uploads\/sites\/10\/2025\/03\/1_whatsapp_image_2023_12_27_at_14_36_09-33741642-300x200.jpeg 300w, https:\/\/blogs.correiobraziliense.com.br\/servidor\/wp-content\/uploads\/sites\/10\/2025\/03\/1_whatsapp_image_2023_12_27_at_14_36_09-33741642-550x367.jpeg 550w, https:\/\/blogs.correiobraziliense.com.br\/servidor\/wp-content\/uploads\/sites\/10\/2025\/03\/1_whatsapp_image_2023_12_27_at_14_36_09-33741642-230x153.jpeg 230w, https:\/\/blogs.correiobraziliense.com.br\/servidor\/wp-content\/uploads\/sites\/10\/2025\/03\/1_whatsapp_image_2023_12_27_at_14_36_09-33741642.jpeg 675w\" sizes=\"auto, (max-width: 300px) 100vw, 300px\" \/><\/a><figcaption id=\"caption-attachment-21585\" class=\"wp-caption-text\">Cr\u00e9dito: Divulga\u00e7\u00e3o\/Iprev\/DF<\/figcaption><\/figure>\n","protected":false},"excerpt":{"rendered":"<p>Por Francisco Artur de Lima \u2014\u00a0A\u00a0Associa\u00e7\u00e3o do Servidores do Instituto de Previd\u00eancia dos Servidores do Distrito Federal (Asprev\/DF) apresentou ao governo local uma proposta de\u00a0reajuste salarial\u00a0aos servidores efetivos do \u00f3rg\u00e3o \u2014 que \u00e9 respons\u00e1vel por gerir aposentadorias de funcion\u00e1rios p\u00fablicos do GDF e da C\u00e2mara Legislativa. De acordo com a associa\u00e7\u00e3o, a proposta foi apresentada no dia 28 de fevereiro [&hellip;]<\/p>\n","protected":false},"author":156,"featured_media":0,"comment_status":"open","ping_status":"closed","sticky":false,"template":"","format":"standard","meta":{"footnotes":""},"categories":[2719],"tags":[],"class_list":["post-21584","post","type-post","status-publish","format-standard","hentry","category-servidor"],"_links":{"self":[{"href":"https:\/\/blogs.correiobraziliense.com.br\/servidor\/wp-json\/wp\/v2\/posts\/21584","targetHints":{"allow":["GET"]}}],"collection":[{"href":"https:\/\/blogs.correiobraziliense.com.br\/servidor\/wp-json\/wp\/v2\/posts"}],"about":[{"href":"https:\/\/blogs.correiobraziliense.com.br\/servidor\/wp-json\/wp\/v2\/types\/post"}],"author":[{"embeddable":true,"href":"https:\/\/blogs.correiobraziliense.com.br\/servidor\/wp-json\/wp\/v2\/users\/156"}],"replies":[{"embeddable":true,"href":"https:\/\/blogs.correiobraziliense.com.br\/servidor\/wp-json\/wp\/v2\/comments?post=21584"}],"version-history":[{"count":6,"href":"https:\/\/blogs.correiobraziliense.com.br\/servidor\/wp-json\/wp\/v2\/posts\/21584\/revisions"}],"predecessor-version":[{"id":21591,"href":"https:\/\/blogs.correiobraziliense.com.br\/servidor\/wp-json\/wp\/v2\/posts\/21584\/revisions\/21591"}],"wp:attachment":[{"href":"https:\/\/blogs.correiobraziliense.com.br\/servidor\/wp-json\/wp\/v2\/media?parent=21584"}],"wp:term":[{"taxonomy":"category","embeddable":true,"href":"https:\/\/blogs.correiobraziliense.com.br\/servidor\/wp-json\/wp\/v2\/categories?post=21584"},{"taxonomy":"post_tag","embeddable":true,"href":"https:\/\/blogs.correiobraziliense.com.br\/servidor\/wp-json\/wp\/v2\/tags?post=21584"}],"curies":[{"name":"wp","href":"https:\/\/api.w.org\/{rel}","templated":true}]}}