{"id":21561,"date":"2024-11-21T16:23:02","date_gmt":"2024-11-21T19:23:02","guid":{"rendered":"https:\/\/blogs.correiobraziliense.com.br\/servidor\/?p=21561"},"modified":"2024-11-21T16:23:02","modified_gmt":"2024-11-21T19:23:02","slug":"evento-sobre-administracao-publica-tera-marina-silva-e-michelle-bachelet-ex-presidente-do-chile","status":"publish","type":"post","link":"https:\/\/blogs.correiobraziliense.com.br\/servidor\/evento-sobre-administracao-publica-tera-marina-silva-e-michelle-bachelet-ex-presidente-do-chile\/","title":{"rendered":"Evento sobre administra\u00e7\u00e3o p\u00fablica ter\u00e1 Marina Silva e Michelle Bachelet, ex-presidente do Chile"},"content":{"rendered":"<figure id=\"attachment_21563\" aria-describedby=\"caption-attachment-21563\" style=\"width: 300px\" class=\"wp-caption alignnone\"><a href=\"https:\/\/blogs.correiobraziliense.com.br\/servidor\/wp-content\/uploads\/sites\/10\/2024\/11\/1_pzzb8196-40010073.jpg\"><img loading=\"lazy\" decoding=\"async\" class=\"size-medium wp-image-21563\" src=\"https:\/\/blogs.correiobraziliense.com.br\/servidor\/wp-content\/uploads\/sites\/10\/2024\/11\/1_pzzb8196-40010073-300x200.jpg\" alt=\"\" width=\"300\" height=\"200\" srcset=\"https:\/\/blogs.correiobraziliense.com.br\/servidor\/wp-content\/uploads\/sites\/10\/2024\/11\/1_pzzb8196-40010073-300x200.jpg 300w, https:\/\/blogs.correiobraziliense.com.br\/servidor\/wp-content\/uploads\/sites\/10\/2024\/11\/1_pzzb8196-40010073-550x367.jpg 550w, https:\/\/blogs.correiobraziliense.com.br\/servidor\/wp-content\/uploads\/sites\/10\/2024\/11\/1_pzzb8196-40010073-230x153.jpg 230w, https:\/\/blogs.correiobraziliense.com.br\/servidor\/wp-content\/uploads\/sites\/10\/2024\/11\/1_pzzb8196-40010073.jpg 675w\" sizes=\"auto, (max-width: 300px) 100vw, 300px\" \/><\/a><figcaption id=\"caption-attachment-21563\" class=\"wp-caption-text\">Ministra do Meio ambiente, Marina Silva participar\u00e1 do evento sobre moderniza\u00e7\u00e3o do servi\u00e7o p\u00fablico<\/figcaption><\/figure>\n<p>A transforma\u00e7\u00e3o do estado e da administra\u00e7\u00e3o p\u00fablica ser\u00e1 o tema de um congresso nacional promovido pelo Minist\u00e9rio da Gest\u00e3o e Inova\u00e7\u00e3o (MGI), em parceria com o\u00a0Centro Latino-Americano de Administra\u00e7\u00e3o para o Desenvolvimento (Clad).<\/p>\n<p>Previsto para os dias\u00a026 e 29 de novembro, o evento intitulado \u00a0XXIX Congresso Internacional do Clad sobre a Reforma do Estado e da Administra\u00e7\u00e3o P\u00fablica contar\u00e1 com a participa\u00e7\u00e3o de nomes como\u00a0Marina Silva, ministra do Meio Ambiente, al\u00e9m da ex-presidente do Chile Michele Bachelet e de\u00a0Carmen L\u00facia, ministra do Supremo Tribunal Federal (STF).<\/p>\n<p>Na <a href=\"https:\/\/clad.enap.gov.br\/index.php\/pt\/programacao\">programa\u00e7\u00e3o<\/a>, a confer\u00eancia ter\u00e1 temas que discutir\u00e3o\u00a011 t\u00f3picos voltados \u00e0 moderniza\u00e7\u00e3o do servi\u00e7o p\u00fablico. Haver\u00e1 tem\u00e1ticas de desenvolvimento sustent\u00e1vel, governan\u00e7a, inclus\u00e3o social e tecnologia.\u00a0O evento ser\u00e1 na sede da Escola Nacional de Administra\u00e7\u00e3o P\u00fablica (Enap), localizada em Bras\u00edlia, na\u00a0Asa Sul.<\/p>\n<p>A expectativa \u00e9 que participem mais de 700 pessoas, entre pesquisadores, ministros, secret\u00e1rios de Estado, parlamentares, servidores p\u00fablicos e sindicalistas, em uma programa\u00e7\u00e3o de 150 horas de atividades presenciais, que promover\u00e1 interc\u00e2mbio de experi\u00eancias, pesquisas, estudos e publica\u00e7\u00f5es relacionados ao processo de reforma do Estado.<\/p>\n<p>Para participar do\u00a0XXIX Congresso Internacional do Clad sobre a Reforma do Estado e da Administra\u00e7\u00e3o P\u00fablica, ser\u00e1 necess\u00e1rio<a href=\"https:\/\/clad.org\/xxix-brasil-2024\/inscripcion\/\"> inscrever-se por meio do site do Clad<\/a>. A taxa de inscri\u00e7\u00e3o custa R$ 800 para coordenadores de pain\u00e9is, palestrantes, autores de documentos livres, apresentadores de livros e coautores,\u00a0R$ 300 para estudantes de gradua\u00e7\u00e3o e\u00a0R$ 1000 para o p\u00fablico em geral.<\/p>\n","protected":false},"excerpt":{"rendered":"<p>A transforma\u00e7\u00e3o do estado e da administra\u00e7\u00e3o p\u00fablica ser\u00e1 o tema de um congresso nacional promovido pelo Minist\u00e9rio da Gest\u00e3o e Inova\u00e7\u00e3o (MGI), em parceria com o\u00a0Centro Latino-Americano de Administra\u00e7\u00e3o para o Desenvolvimento (Clad). Previsto para os dias\u00a026 e 29 de novembro, o evento intitulado \u00a0XXIX Congresso Internacional do Clad sobre a Reforma do Estado e da Administra\u00e7\u00e3o P\u00fablica contar\u00e1 [&hellip;]<\/p>\n","protected":false},"author":156,"featured_media":0,"comment_status":"open","ping_status":"closed","sticky":false,"template":"","format":"standard","meta":{"footnotes":""},"categories":[19524,19497,2719,19512],"tags":[1357,19520,3793,58],"class_list":["post-21561","post","type-post","status-publish","format-standard","hentry","category-governo-federal","category-servico-publico","category-servidor","category-servidores-publicos","tag-inovacao","tag-mgi","tag-qualificacao","tag-servidores"],"_links":{"self":[{"href":"https:\/\/blogs.correiobraziliense.com.br\/servidor\/wp-json\/wp\/v2\/posts\/21561","targetHints":{"allow":["GET"]}}],"collection":[{"href":"https:\/\/blogs.correiobraziliense.com.br\/servidor\/wp-json\/wp\/v2\/posts"}],"about":[{"href":"https:\/\/blogs.correiobraziliense.com.br\/servidor\/wp-json\/wp\/v2\/types\/post"}],"author":[{"embeddable":true,"href":"https:\/\/blogs.correiobraziliense.com.br\/servidor\/wp-json\/wp\/v2\/users\/156"}],"replies":[{"embeddable":true,"href":"https:\/\/blogs.correiobraziliense.com.br\/servidor\/wp-json\/wp\/v2\/comments?post=21561"}],"version-history":[{"count":4,"href":"https:\/\/blogs.correiobraziliense.com.br\/servidor\/wp-json\/wp\/v2\/posts\/21561\/revisions"}],"predecessor-version":[{"id":21567,"href":"https:\/\/blogs.correiobraziliense.com.br\/servidor\/wp-json\/wp\/v2\/posts\/21561\/revisions\/21567"}],"wp:attachment":[{"href":"https:\/\/blogs.correiobraziliense.com.br\/servidor\/wp-json\/wp\/v2\/media?parent=21561"}],"wp:term":[{"taxonomy":"category","embeddable":true,"href":"https:\/\/blogs.correiobraziliense.com.br\/servidor\/wp-json\/wp\/v2\/categories?post=21561"},{"taxonomy":"post_tag","embeddable":true,"href":"https:\/\/blogs.correiobraziliense.com.br\/servidor\/wp-json\/wp\/v2\/tags?post=21561"}],"curies":[{"name":"wp","href":"https:\/\/api.w.org\/{rel}","templated":true}]}}