{"id":21550,"date":"2024-11-08T19:45:03","date_gmt":"2024-11-08T22:45:03","guid":{"rendered":"https:\/\/blogs.correiobraziliense.com.br\/servidor\/?p=21550"},"modified":"2024-11-08T20:33:28","modified_gmt":"2024-11-08T23:33:28","slug":"clt-substituira-concursos-especialista-explica-decisao-do-supremo","status":"publish","type":"post","link":"https:\/\/blogs.correiobraziliense.com.br\/servidor\/clt-substituira-concursos-especialista-explica-decisao-do-supremo\/","title":{"rendered":"CLT substituir\u00e1 concursos? Especialista explica decis\u00e3o do Supremo"},"content":{"rendered":"<p>&nbsp;<\/p>\n<p><strong>Por Raphaela Peixoto e Renato Souza \u2014<\/strong> O Supremo Tribunal Federal (STF) validou nesta quarta-feira (6\/11) uma mudan\u00e7a na Constitui\u00e7\u00e3o permitindo a contrata\u00e7\u00e3o por meio de outros regimes, como a Consolida\u00e7\u00e3o das Leis do Trabalho (CLT).<\/p>\n<p>Com a flexibiliza\u00e7\u00e3o do formato de contrata\u00e7\u00e3o de servidores p\u00fablicos, concurseiros se questionaram a respeito da continua\u00e7\u00e3o da realiza\u00e7\u00e3o de concursos p\u00fablicos. N\u00e3o vale a preocupa\u00e7\u00e3o. A resposta \u00e9 que os certames n\u00e3o acabar\u00e3o, segundo especialistas.<\/p>\n<p>Apesar de ter potencial de modificar o o modelo de atua\u00e7\u00e3o do servi\u00e7o p\u00fablico, a medida n\u00e3o acabar\u00e1 com os certames, pois o Supremo n\u00e3o retira a exig\u00eancia de se realizar concurso p\u00fablico. Sendo assim, esse m\u00e9todo de sele\u00e7\u00e3o de pessoal continuar\u00e1 a ser v\u00e1lido.<\/p>\n<p>Trata-se apenas do reconhecimento de outros regimes, entre eles o CLT, como admiss\u00edveis. Quem explica \u00e9 o professor de Direito da Universidade de S\u00e3o Paulo (USP), Rubens Be\u00e7ak, ao <strong>Correio<\/strong>.<\/p>\n<p>Para o professor, essa possibilidade \u00e9 um avan\u00e7o positivo. Ele tamb\u00e9m considera a medida uma postura alinhada com as necessidades e os desafios atuais do servi\u00e7o p\u00fablico.<\/p>\n<p>&#8220;Embora alguns possam argumentar que a ado\u00e7\u00e3o de m\u00faltiplos regimes enfraqueceria os direitos dos trabalhadores, acredito que n\u00e3o. Nas \u00faltimas d\u00e9cadas, o servi\u00e7o p\u00fablico tem demandado uma maior dinamicidade. Em certos per\u00edodos, h\u00e1 necessidade de contratar funcion\u00e1rios para fun\u00e7\u00f5es espec\u00edficas ou dinamizar algum servi\u00e7o de forma mais \u00e1gil&#8221;, afirma o professor.<\/p>\n<p>\u00c9 v\u00e1lido ressaltar que a mudan\u00e7a abrange apenas novas contrata\u00e7\u00f5es do servi\u00e7o p\u00fablico, ou seja, quem j\u00e1 \u00e9 servidor p\u00fablico n\u00e3o ser\u00e1 afetado. A responsabilidade de determinar qual modelo de trabalho \u00e9 mais adequado para cada recai a cada n\u00edvel de governo (federal, estadual e municipal).<\/p>\n<h3>Mas, afinal, o que \u00e9 CLT e regime jur\u00eddico \u00fanico?<\/h3>\n<p>O regime jur\u00eddico \u00fanico (RJU), conhecido como estatut\u00e1rio, \u00e9 um conjunto de normas que regem a intera\u00e7\u00e3o entre a Administra\u00e7\u00e3o P\u00fablica e os servidores. J\u00e1 o regime CLT, assegura uma s\u00e9rie de direitos aos trabalhadores, entre eles f\u00e9rias e 13\u00ba sal\u00e1rio, f\u00e9rias, jornada de trabalho di\u00e1ria 8h, etc.<\/p>\n<p>Outra diferen\u00e7a \u00e9 que no Regime Jur\u00eddico da Uni\u00e3o, os servidores se tornam est\u00e1veis ap\u00f3s tr\u00eas anos de trabalho e s\u00f3 podem ser demitidos ap\u00f3s processo administrativo disciplinar. No caso de quem \u00e9 contratado via CLT, n\u00e3o existe estabilidade e a demiss\u00e3o pode ocorrer de maneira simplificada.<\/p>\n<h3>Duas d\u00e9cadas de tramita\u00e7\u00e3o<\/h3>\n<p>O tema estava em tramita\u00e7\u00e3o na corte h\u00e1 24 anos. A admiss\u00e3o por esta modalidade foi implantada na reforma administrativa feita no governo de Fernando Henrique Cardoso, em 1998.<\/p>\n<p>Prevaleceu no Supremo o voto do ministro Gilmar Mendes. A corte n\u00e3o avaliou o teor da emenda, mas, sim, a legalidade da tramita\u00e7\u00e3o. Partidos pol\u00edticos alegaram que a aprova\u00e7\u00e3o foi irregular, pois a emenda constitucional n\u00e3o tramitou em dois turnos na C\u00e2mara e no Senado. Por\u00e9m, Gilmar entendeu que houve ajuste na reda\u00e7\u00e3o da proposta.<\/p>\n","protected":false},"excerpt":{"rendered":"<p>&nbsp; Por Raphaela Peixoto e Renato Souza \u2014 O Supremo Tribunal Federal (STF) validou nesta quarta-feira (6\/11) uma mudan\u00e7a na Constitui\u00e7\u00e3o permitindo a contrata\u00e7\u00e3o por meio de outros regimes, como a Consolida\u00e7\u00e3o das Leis do Trabalho (CLT). Com a flexibiliza\u00e7\u00e3o do formato de contrata\u00e7\u00e3o de servidores p\u00fablicos, concurseiros se questionaram a respeito da continua\u00e7\u00e3o da realiza\u00e7\u00e3o de concursos p\u00fablicos. N\u00e3o [&hellip;]<\/p>\n","protected":false},"author":156,"featured_media":21339,"comment_status":"open","ping_status":"closed","sticky":false,"template":"","format":"standard","meta":{"footnotes":""},"categories":[19524,19497,2719,19512,19525],"tags":[2272,93,34],"class_list":["post-21550","post","type-post","status-publish","format-standard","has-post-thumbnail","hentry","category-governo-federal","category-servico-publico","category-servidor","category-servidores-publicos","category-stf","tag-clt","tag-concurso","tag-stf"],"_links":{"self":[{"href":"https:\/\/blogs.correiobraziliense.com.br\/servidor\/wp-json\/wp\/v2\/posts\/21550","targetHints":{"allow":["GET"]}}],"collection":[{"href":"https:\/\/blogs.correiobraziliense.com.br\/servidor\/wp-json\/wp\/v2\/posts"}],"about":[{"href":"https:\/\/blogs.correiobraziliense.com.br\/servidor\/wp-json\/wp\/v2\/types\/post"}],"author":[{"embeddable":true,"href":"https:\/\/blogs.correiobraziliense.com.br\/servidor\/wp-json\/wp\/v2\/users\/156"}],"replies":[{"embeddable":true,"href":"https:\/\/blogs.correiobraziliense.com.br\/servidor\/wp-json\/wp\/v2\/comments?post=21550"}],"version-history":[{"count":5,"href":"https:\/\/blogs.correiobraziliense.com.br\/servidor\/wp-json\/wp\/v2\/posts\/21550\/revisions"}],"predecessor-version":[{"id":21557,"href":"https:\/\/blogs.correiobraziliense.com.br\/servidor\/wp-json\/wp\/v2\/posts\/21550\/revisions\/21557"}],"wp:featuredmedia":[{"embeddable":true,"href":"https:\/\/blogs.correiobraziliense.com.br\/servidor\/wp-json\/wp\/v2\/media\/21339"}],"wp:attachment":[{"href":"https:\/\/blogs.correiobraziliense.com.br\/servidor\/wp-json\/wp\/v2\/media?parent=21550"}],"wp:term":[{"taxonomy":"category","embeddable":true,"href":"https:\/\/blogs.correiobraziliense.com.br\/servidor\/wp-json\/wp\/v2\/categories?post=21550"},{"taxonomy":"post_tag","embeddable":true,"href":"https:\/\/blogs.correiobraziliense.com.br\/servidor\/wp-json\/wp\/v2\/tags?post=21550"}],"curies":[{"name":"wp","href":"https:\/\/api.w.org\/{rel}","templated":true}]}}