{"id":21542,"date":"2024-10-15T22:03:05","date_gmt":"2024-10-16T01:03:05","guid":{"rendered":"https:\/\/blogs.correiobraziliense.com.br\/servidor\/?p=21542"},"modified":"2024-10-15T22:03:05","modified_gmt":"2024-10-16T01:03:05","slug":"entidades-de-servidores-publicos-se-unem-para-debater-gestao-publica-e-previdencia","status":"publish","type":"post","link":"https:\/\/blogs.correiobraziliense.com.br\/servidor\/entidades-de-servidores-publicos-se-unem-para-debater-gestao-publica-e-previdencia\/","title":{"rendered":"Entidades de servidores p\u00fablicos se unem para debater gest\u00e3o p\u00fablica e previd\u00eancia"},"content":{"rendered":"<p>Mais de 150 entidades que integram o Instituto Mosap (Movimento dos Servidores P\u00fablicos Aposentados e Pensionistas) se unem, na manh\u00e3 desta quarta-feira (16\/10), para debater sobre gest\u00e3o p\u00fablica e previd\u00eancia. O evento ser\u00e1 a partir das 9h, no Audit\u00f3rio Nereu Ramos, na C\u00e2mara dos Deputados.<\/p>\n<p>O evento reunir\u00e1 entidades de todo o pa\u00eds, em parceria com a Anfip (Associa\u00e7\u00e3o Nacional dos Auditores Fiscais da Receita Federal). O objetivo \u00e9 formular pol\u00edticas voltadas \u00e0 preserva\u00e7\u00e3o e amplia\u00e7\u00e3o dos direitos dos servidores aposentados e seus pensionistas.<\/p>\n<p>O encontro ser\u00e1 focado na tramita\u00e7\u00e3o de duas Propostas de Emenda Constitucional: a PEC 555\/2006, que prop\u00f5e a extin\u00e7\u00e3o da contribui\u00e7\u00e3o previdenci\u00e1ria dos servidores aposentados; e a PEC 6\/2024, que trata sobre o fim da taxa\u00e7\u00e3o previdenci\u00e1ria do servidor p\u00fablico aposentado.<\/p>\n<p>O presidente da Anfip, Miguel Arcanjo Simas N\u00f4vo, refor\u00e7a a &#8220;necessidade de interlocu\u00e7\u00e3o com os parlamentares para que medidas que corrigem altera\u00e7\u00f5es constitucionais introduzidas por meio de reformas da previd\u00eancia sejam aprovadas o mais breve poss\u00edvel&#8221;.<\/p>\n<h3>Servi\u00e7o<\/h3>\n<ul>\n<li>18\u00ba Encontro Nacional do Instituto Mosap<\/li>\n<li>Data: 16 de outubro<\/li>\n<li>Hor\u00e1rio: a partir das 9h<\/li>\n<li>Local: Audit\u00f3rio Nereu Ramos \u2013 C\u00e2mara dos Deputados, Bras\u00edlia-DF<\/li>\n<\/ul>\n","protected":false},"excerpt":{"rendered":"<p>Mais de 150 entidades que integram o Instituto Mosap (Movimento dos Servidores P\u00fablicos Aposentados e Pensionistas) se unem, na manh\u00e3 desta quarta-feira (16\/10), para debater sobre gest\u00e3o p\u00fablica e previd\u00eancia. O evento ser\u00e1 a partir das 9h, no Audit\u00f3rio Nereu Ramos, na C\u00e2mara dos Deputados. O evento reunir\u00e1 entidades de todo o pa\u00eds, em parceria com a Anfip (Associa\u00e7\u00e3o Nacional [&hellip;]<\/p>\n","protected":false},"author":139,"featured_media":14311,"comment_status":"open","ping_status":"closed","sticky":false,"template":"","format":"standard","meta":{"footnotes":""},"categories":[19524,19497,19512],"tags":[847,1358,2156,549,1579],"class_list":["post-21542","post","type-post","status-publish","format-standard","has-post-thumbnail","hentry","category-governo-federal","category-servico-publico","category-servidores-publicos","tag-debate","tag-gestao-publica","tag-pec","tag-previdencia","tag-servidores-publicos"],"_links":{"self":[{"href":"https:\/\/blogs.correiobraziliense.com.br\/servidor\/wp-json\/wp\/v2\/posts\/21542","targetHints":{"allow":["GET"]}}],"collection":[{"href":"https:\/\/blogs.correiobraziliense.com.br\/servidor\/wp-json\/wp\/v2\/posts"}],"about":[{"href":"https:\/\/blogs.correiobraziliense.com.br\/servidor\/wp-json\/wp\/v2\/types\/post"}],"author":[{"embeddable":true,"href":"https:\/\/blogs.correiobraziliense.com.br\/servidor\/wp-json\/wp\/v2\/users\/139"}],"replies":[{"embeddable":true,"href":"https:\/\/blogs.correiobraziliense.com.br\/servidor\/wp-json\/wp\/v2\/comments?post=21542"}],"version-history":[{"count":3,"href":"https:\/\/blogs.correiobraziliense.com.br\/servidor\/wp-json\/wp\/v2\/posts\/21542\/revisions"}],"predecessor-version":[{"id":21546,"href":"https:\/\/blogs.correiobraziliense.com.br\/servidor\/wp-json\/wp\/v2\/posts\/21542\/revisions\/21546"}],"wp:featuredmedia":[{"embeddable":true,"href":"https:\/\/blogs.correiobraziliense.com.br\/servidor\/wp-json\/wp\/v2\/media\/14311"}],"wp:attachment":[{"href":"https:\/\/blogs.correiobraziliense.com.br\/servidor\/wp-json\/wp\/v2\/media?parent=21542"}],"wp:term":[{"taxonomy":"category","embeddable":true,"href":"https:\/\/blogs.correiobraziliense.com.br\/servidor\/wp-json\/wp\/v2\/categories?post=21542"},{"taxonomy":"post_tag","embeddable":true,"href":"https:\/\/blogs.correiobraziliense.com.br\/servidor\/wp-json\/wp\/v2\/tags?post=21542"}],"curies":[{"name":"wp","href":"https:\/\/api.w.org\/{rel}","templated":true}]}}