{"id":21530,"date":"2024-08-30T23:11:16","date_gmt":"2024-08-31T02:11:16","guid":{"rendered":"https:\/\/blogs.correiobraziliense.com.br\/servidor\/?p=21530"},"modified":"2024-08-30T23:11:16","modified_gmt":"2024-08-31T02:11:16","slug":"enap-oferta-palestras-e-oficinas-gratuitas-para-servidores-publicos","status":"publish","type":"post","link":"https:\/\/blogs.correiobraziliense.com.br\/servidor\/enap-oferta-palestras-e-oficinas-gratuitas-para-servidores-publicos\/","title":{"rendered":"Enap oferta palestras e oficinas gratuitas para servidores p\u00fablicos"},"content":{"rendered":"<p><span style=\"font-weight: 400\">A Escola Nacional de Administra\u00e7\u00e3o P\u00fablica (Enap) est\u00e1 com inscri\u00e7\u00f5es abertas para 199 atividades, incluindo palestras, oficinas, debates e mesas redondas, destinadas aos servidores p\u00fablicos. As inscri\u00e7\u00f5es podem ser feitas at\u00e9 16 de setembro, por meio da p\u00e1gina do evento. <a href=\"https:\/\/semanadeinovacao.enap.gov.br\/index.php\/pt\/\">Acesse aqui.<\/a>\u00a0<\/span><\/p>\n<ul>\n<li><strong>Leia tamb\u00e9m:<\/strong>\u00a0<a href=\"https:\/\/blogs.correiobraziliense.com.br\/servidor\/camara-aprova-criacao-de-cadastro-nacional-para-servidores-demitidos\/\" rel=\"bookmark\">C\u00e2mara aprova cria\u00e7\u00e3o de Cadastro Nacional para servidores demitidos<\/a><\/li>\n<\/ul>\n<p><span style=\"font-weight: 400\">A iniciativa faz parte da 10\u00aa edi\u00e7\u00e3o da Semana de Inova\u00e7\u00e3o, com o tema \u201cNovas Formas de Cuidar\u201d. O evento tem como objetivo debater sobre a constru\u00e7\u00e3o de pol\u00edticas p\u00fablicas e inova\u00e7\u00f5es em governo a servi\u00e7o do cuidado. Ao todo, ser\u00e3o mais de 600 horas de programa\u00e7\u00e3o sobre o tema, em um evento h\u00edbrido. As atividades ocorrer\u00e3o em Bras\u00edlia, nos dias 29, 30 e 31 de outubro.\u00a0<\/span><\/p>\n<p><span style=\"font-weight: 400\">Algumas atividades ser\u00e3o presenciais e outras virtuais, por meio de uma plataforma com transmiss\u00e3o ao vivo e atividades exclusivas. A expectativa \u00e9 de que 20 mil pessoas se inscrevam para participar. Para acessar todas as informa\u00e7\u00f5es sobre a Semana, basta baixar o aplicativo oficial do evento, que estar\u00e1 dispon\u00edvel em breve.<\/span><\/p>\n<p><span style=\"font-weight: 400\">As atividades ser\u00e3o divididas nos seguintes eixos tem\u00e1ticos: Trabalho e Sa\u00fade, Ci\u00eancia e Tecnologia, Meio Ambiente e Clima, Diversidade e Inclus\u00e3o e Cidades e Territ\u00f3rios.<\/span><\/p>\n<ul>\n<li><strong>Leia tamb\u00e9m:\u00a0<\/strong><a href=\"https:\/\/blogs.correiobraziliense.com.br\/servidor\/lula-governo-esta-inovando-na-maneira-de-contratar-servidores\/\" rel=\"bookmark\">Lula: governo est\u00e1 inovando na maneira de contratar servidores<\/a><\/li>\n<\/ul>\n","protected":false},"excerpt":{"rendered":"<p>A Escola Nacional de Administra\u00e7\u00e3o P\u00fablica (Enap) est\u00e1 com inscri\u00e7\u00f5es abertas para 199 atividades, incluindo palestras, oficinas, debates e mesas redondas, destinadas aos servidores p\u00fablicos. As inscri\u00e7\u00f5es podem ser feitas at\u00e9 16 de setembro, por meio da p\u00e1gina do evento. Acesse aqui.\u00a0 Leia tamb\u00e9m:\u00a0C\u00e2mara aprova cria\u00e7\u00e3o de Cadastro Nacional para servidores demitidos A iniciativa faz parte da 10\u00aa edi\u00e7\u00e3o da [&hellip;]<\/p>\n","protected":false},"author":139,"featured_media":21531,"comment_status":"open","ping_status":"closed","sticky":false,"template":"","format":"standard","meta":{"footnotes":""},"categories":[19521,19499,19512],"tags":[1450,48,98,3779,58,1579],"class_list":["post-21530","post","type-post","status-publish","format-standard","has-post-thumbnail","hentry","category-curso","category-educacao","category-servidores-publicos","tag-cursos","tag-educacao","tag-governo","tag-palestras","tag-servidores","tag-servidores-publicos"],"_links":{"self":[{"href":"https:\/\/blogs.correiobraziliense.com.br\/servidor\/wp-json\/wp\/v2\/posts\/21530","targetHints":{"allow":["GET"]}}],"collection":[{"href":"https:\/\/blogs.correiobraziliense.com.br\/servidor\/wp-json\/wp\/v2\/posts"}],"about":[{"href":"https:\/\/blogs.correiobraziliense.com.br\/servidor\/wp-json\/wp\/v2\/types\/post"}],"author":[{"embeddable":true,"href":"https:\/\/blogs.correiobraziliense.com.br\/servidor\/wp-json\/wp\/v2\/users\/139"}],"replies":[{"embeddable":true,"href":"https:\/\/blogs.correiobraziliense.com.br\/servidor\/wp-json\/wp\/v2\/comments?post=21530"}],"version-history":[{"count":1,"href":"https:\/\/blogs.correiobraziliense.com.br\/servidor\/wp-json\/wp\/v2\/posts\/21530\/revisions"}],"predecessor-version":[{"id":21532,"href":"https:\/\/blogs.correiobraziliense.com.br\/servidor\/wp-json\/wp\/v2\/posts\/21530\/revisions\/21532"}],"wp:featuredmedia":[{"embeddable":true,"href":"https:\/\/blogs.correiobraziliense.com.br\/servidor\/wp-json\/wp\/v2\/media\/21531"}],"wp:attachment":[{"href":"https:\/\/blogs.correiobraziliense.com.br\/servidor\/wp-json\/wp\/v2\/media?parent=21530"}],"wp:term":[{"taxonomy":"category","embeddable":true,"href":"https:\/\/blogs.correiobraziliense.com.br\/servidor\/wp-json\/wp\/v2\/categories?post=21530"},{"taxonomy":"post_tag","embeddable":true,"href":"https:\/\/blogs.correiobraziliense.com.br\/servidor\/wp-json\/wp\/v2\/tags?post=21530"}],"curies":[{"name":"wp","href":"https:\/\/api.w.org\/{rel}","templated":true}]}}