{"id":21524,"date":"2024-08-20T12:56:17","date_gmt":"2024-08-20T15:56:17","guid":{"rendered":"https:\/\/blogs.correiobraziliense.com.br\/servidor\/?p=21524"},"modified":"2024-08-20T12:56:17","modified_gmt":"2024-08-20T15:56:17","slug":"lula-governo-esta-inovando-na-maneira-de-contratar-servidores","status":"publish","type":"post","link":"https:\/\/blogs.correiobraziliense.com.br\/servidor\/lula-governo-esta-inovando-na-maneira-de-contratar-servidores\/","title":{"rendered":"Lula: governo est\u00e1 inovando na maneira de contratar servidores"},"content":{"rendered":"<p>O presidente da Rep\u00fablica, Luiz In\u00e1cio Lula da Silva, afirmou que o governo federal est\u00e1 inovando na maneira de contratar servidores p\u00fablicos. A declara\u00e7\u00e3o foi feita durante uma entrevista coletiva no domingo (18\/8), durante o monitoramento das <a href=\"https:\/\/www.correiobraziliense.com.br\/euestudante\/concursos\/2024\/08\/6923851-gabaritos-cnu-sao-divulgados-veja.html\">provas do Concurso Nacional Unificado<\/a>, em Bras\u00edlia.<\/p>\n<p>Segundo o presidente, \u00e9 necess\u00e1rio &#8220;adequar a m\u00e1quina p\u00fablica ao s\u00e9culo 21&#8221;: &#8220;\u00c9 preciso discutir os temas que est\u00e3o na ordem do dia. A democracia tem que ser debatida para as pessoas saberem o que \u00e9 democracia, saber a diferen\u00e7a entre democracia e outros regimes. Tamb\u00e9m \u00e9 importante discutir coisas que dizem respeito ao trabalho que ele vai fazer quando come\u00e7ar a trabalhar&#8221;.<\/p>\n<p>Na ocasi\u00e3o, Lula aproveitou para elogiar o trabalho da ministra da Gest\u00e3o e da Inova\u00e7\u00e3o em Servi\u00e7os P\u00fablicos (MGI), Esther Dweck, e dos demais \u00f3rg\u00e3os do governo envolvidos na organiza\u00e7\u00e3o do certame. &#8220;Estamos suprindo uma defici\u00eancia de dezenas de anos nesse pa\u00eds sem fazer concurso. Quando se fez concurso, foi concurso espec\u00edfico. Ent\u00e3o, voc\u00ea sequer tem gente para sobrepor aqueles que se aposentaram&#8221;, ressaltou.<\/p>\n<h3>Concurso Nacional Unificado<\/h3>\n<p>Mais de um milh\u00e3o de <a href=\"https:\/\/www.correiobraziliense.com.br\/euestudante\/concursos\/2024\/08\/6923510-cnu-candidatos-que-nao-preencheram-cartao-resposta-completo-serao-eliminados.html\">candidatos fizeram as provas do Concurso Nacional Unificado<\/a> no domingo. O certame ocorreu em mais de 200 munic\u00edpios do pa\u00eds, se tornando a maior sele\u00e7\u00e3o de servidores p\u00fablicos do Brasil.<\/p>\n<p>Pela manh\u00e3, os participantes fizeram as provas de reda\u00e7\u00e3o e discursivas. Durante a tarde, foram aplicadas as provas objetivas.<\/p>\n<p>O CNU \u00e9 um novo modelo de sele\u00e7\u00e3o de servidores p\u00fablicos criado pelo Minist\u00e9rio da Gest\u00e3o. Ao todo, foram ofertadas 6.640 vagas de n\u00edveis m\u00e9dio e superior, que ir\u00e3o preencher os 21 \u00f3rg\u00e3os da administra\u00e7\u00e3o p\u00fablica federal que participaram do certame.<\/p>\n<ul>\n<li><strong>Leia tamb\u00e9m:\u00a0<a href=\"https:\/\/blogs.correiobraziliense.com.br\/servidor\/enap-abre-inscricoes-para-programas-de-mestrado-e-doutorado-profissionais\/\" rel=\"bookmark\">Enap abre inscri\u00e7\u00f5es para programas de mestrado e doutorado profissionais<\/a><\/strong><\/li>\n<\/ul>\n","protected":false},"excerpt":{"rendered":"<p>O presidente da Rep\u00fablica, Luiz In\u00e1cio Lula da Silva, afirmou que o governo federal est\u00e1 inovando na maneira de contratar servidores p\u00fablicos. A declara\u00e7\u00e3o foi feita durante uma entrevista coletiva no domingo (18\/8), durante o monitoramento das provas do Concurso Nacional Unificado, em Bras\u00edlia. Segundo o presidente, \u00e9 necess\u00e1rio &#8220;adequar a m\u00e1quina p\u00fablica ao s\u00e9culo 21&#8221;: &#8220;\u00c9 preciso discutir os [&hellip;]<\/p>\n","protected":false},"author":139,"featured_media":21525,"comment_status":"open","ping_status":"closed","sticky":false,"template":"","format":"standard","meta":{"footnotes":""},"categories":[19524,19497,19512],"tags":[93,98,1361,19528,58],"class_list":["post-21524","post","type-post","status-publish","format-standard","has-post-thumbnail","hentry","category-governo-federal","category-servico-publico","category-servidores-publicos","tag-concurso","tag-governo","tag-lula","tag-ministerio-da-gestao","tag-servidores"],"_links":{"self":[{"href":"https:\/\/blogs.correiobraziliense.com.br\/servidor\/wp-json\/wp\/v2\/posts\/21524","targetHints":{"allow":["GET"]}}],"collection":[{"href":"https:\/\/blogs.correiobraziliense.com.br\/servidor\/wp-json\/wp\/v2\/posts"}],"about":[{"href":"https:\/\/blogs.correiobraziliense.com.br\/servidor\/wp-json\/wp\/v2\/types\/post"}],"author":[{"embeddable":true,"href":"https:\/\/blogs.correiobraziliense.com.br\/servidor\/wp-json\/wp\/v2\/users\/139"}],"replies":[{"embeddable":true,"href":"https:\/\/blogs.correiobraziliense.com.br\/servidor\/wp-json\/wp\/v2\/comments?post=21524"}],"version-history":[{"count":3,"href":"https:\/\/blogs.correiobraziliense.com.br\/servidor\/wp-json\/wp\/v2\/posts\/21524\/revisions"}],"predecessor-version":[{"id":21529,"href":"https:\/\/blogs.correiobraziliense.com.br\/servidor\/wp-json\/wp\/v2\/posts\/21524\/revisions\/21529"}],"wp:featuredmedia":[{"embeddable":true,"href":"https:\/\/blogs.correiobraziliense.com.br\/servidor\/wp-json\/wp\/v2\/media\/21525"}],"wp:attachment":[{"href":"https:\/\/blogs.correiobraziliense.com.br\/servidor\/wp-json\/wp\/v2\/media?parent=21524"}],"wp:term":[{"taxonomy":"category","embeddable":true,"href":"https:\/\/blogs.correiobraziliense.com.br\/servidor\/wp-json\/wp\/v2\/categories?post=21524"},{"taxonomy":"post_tag","embeddable":true,"href":"https:\/\/blogs.correiobraziliense.com.br\/servidor\/wp-json\/wp\/v2\/tags?post=21524"}],"curies":[{"name":"wp","href":"https:\/\/api.w.org\/{rel}","templated":true}]}}