{"id":21503,"date":"2024-06-27T16:01:11","date_gmt":"2024-06-27T19:01:11","guid":{"rendered":"https:\/\/blogs.correiobraziliense.com.br\/servidor\/?p=21503"},"modified":"2024-08-20T11:11:26","modified_gmt":"2024-08-20T14:11:26","slug":"camara-aprova-criacao-de-cadastro-nacional-para-servidores-demitidos","status":"publish","type":"post","link":"https:\/\/blogs.correiobraziliense.com.br\/servidor\/camara-aprova-criacao-de-cadastro-nacional-para-servidores-demitidos\/","title":{"rendered":"C\u00e2mara aprova cria\u00e7\u00e3o de Cadastro Nacional para servidores demitidos"},"content":{"rendered":"<p><span style=\"font-weight: 400\">A C\u00e2mara Federal dos Deputados aprovou um projeto que cria o Cadastro Nacional de Servidores Demitidos. Essa ferramenta reunir\u00e1 funcion\u00e1rios p\u00fablicos desligados em todas as administra\u00e7\u00f5es p\u00fablicas e de todos os poderes.\u00a0<\/span><\/p>\n<p><span style=\"font-weight: 400\">O projeto, aprovado nesta quarta-feira (26\/6), agora ser\u00e1 encaminhado ao Senado. Segundo o texto, de autoria do deputado\u00a0Airton Faleiro (PT-PA), ser\u00e3o considerados servidores p\u00fablicos todas as pessoas f\u00edsicas que exer\u00e7am legalmente fun\u00e7\u00f5es ou cargos p\u00fablicos ou sejam contratadas para empregos p\u00fablicos.<\/span><\/p>\n<p><span style=\"font-weight: 400\">O Cadastro Nacional de Servidores Demitidos ter\u00e1 as seguintes informa\u00e7\u00f5es sobre os servidores ou empregados p\u00fablicos demitidos, ap\u00f3s o tr\u00e2nsito em julgado da decis\u00e3o administrativa ou judicial:<\/span><\/p>\n<ul>\n<li><span style=\"font-weight: 400\">identifica\u00e7\u00e3o do ex-servidor com CPF;<\/span><\/li>\n<li>dispositivos legais que justificaram a aplica\u00e7\u00e3o da penalidade ao ex-servidor, com c\u00f3pia do processo administrativo e judicial, se houver;<\/li>\n<li>data da demiss\u00e3o, cassa\u00e7\u00e3o da aposentadoria, destitui\u00e7\u00e3o do cargo em comiss\u00e3o ou perda do cargo ou fun\u00e7\u00e3o p\u00fablica; e<\/li>\n<li>outras informa\u00e7\u00f5es que a autoridade p\u00fablica julgar relevantes.<\/li>\n<\/ul>\n","protected":false},"excerpt":{"rendered":"<p>A C\u00e2mara Federal dos Deputados aprovou um projeto que cria o Cadastro Nacional de Servidores Demitidos. Essa ferramenta reunir\u00e1 funcion\u00e1rios p\u00fablicos desligados em todas as administra\u00e7\u00f5es p\u00fablicas e de todos os poderes.\u00a0 O projeto, aprovado nesta quarta-feira (26\/6), agora ser\u00e1 encaminhado ao Senado. Segundo o texto, de autoria do deputado\u00a0Airton Faleiro (PT-PA), ser\u00e3o considerados servidores p\u00fablicos todas as pessoas f\u00edsicas [&hellip;]<\/p>\n","protected":false},"author":156,"featured_media":14311,"comment_status":"open","ping_status":"closed","sticky":false,"template":"","format":"standard","meta":{"footnotes":""},"categories":[19497,2719,19512],"tags":[167,1560,197,241,8],"class_list":["post-21503","post","type-post","status-publish","format-standard","has-post-thumbnail","hentry","category-servico-publico","category-servidor","category-servidores-publicos","tag-dados","tag-demitido","tag-emprego","tag-publico","tag-servidor"],"_links":{"self":[{"href":"https:\/\/blogs.correiobraziliense.com.br\/servidor\/wp-json\/wp\/v2\/posts\/21503","targetHints":{"allow":["GET"]}}],"collection":[{"href":"https:\/\/blogs.correiobraziliense.com.br\/servidor\/wp-json\/wp\/v2\/posts"}],"about":[{"href":"https:\/\/blogs.correiobraziliense.com.br\/servidor\/wp-json\/wp\/v2\/types\/post"}],"author":[{"embeddable":true,"href":"https:\/\/blogs.correiobraziliense.com.br\/servidor\/wp-json\/wp\/v2\/users\/156"}],"replies":[{"embeddable":true,"href":"https:\/\/blogs.correiobraziliense.com.br\/servidor\/wp-json\/wp\/v2\/comments?post=21503"}],"version-history":[{"count":7,"href":"https:\/\/blogs.correiobraziliense.com.br\/servidor\/wp-json\/wp\/v2\/posts\/21503\/revisions"}],"predecessor-version":[{"id":21523,"href":"https:\/\/blogs.correiobraziliense.com.br\/servidor\/wp-json\/wp\/v2\/posts\/21503\/revisions\/21523"}],"wp:featuredmedia":[{"embeddable":true,"href":"https:\/\/blogs.correiobraziliense.com.br\/servidor\/wp-json\/wp\/v2\/media\/14311"}],"wp:attachment":[{"href":"https:\/\/blogs.correiobraziliense.com.br\/servidor\/wp-json\/wp\/v2\/media?parent=21503"}],"wp:term":[{"taxonomy":"category","embeddable":true,"href":"https:\/\/blogs.correiobraziliense.com.br\/servidor\/wp-json\/wp\/v2\/categories?post=21503"},{"taxonomy":"post_tag","embeddable":true,"href":"https:\/\/blogs.correiobraziliense.com.br\/servidor\/wp-json\/wp\/v2\/tags?post=21503"}],"curies":[{"name":"wp","href":"https:\/\/api.w.org\/{rel}","templated":true}]}}