{"id":21475,"date":"2024-05-27T11:19:54","date_gmt":"2024-05-27T14:19:54","guid":{"rendered":"https:\/\/blogs.correiobraziliense.com.br\/servidor\/?p=21475"},"modified":"2024-05-27T11:19:54","modified_gmt":"2024-05-27T14:19:54","slug":"ministro-silvio-almeida-promove-aula-gratuita-sobre-teoria-juridica-aos-advogados-da-agu","status":"publish","type":"post","link":"https:\/\/blogs.correiobraziliense.com.br\/servidor\/ministro-silvio-almeida-promove-aula-gratuita-sobre-teoria-juridica-aos-advogados-da-agu\/","title":{"rendered":"Ministro Silvio Almeida promove aula gratuita sobre teoria jur\u00eddica aos advogados da AGU"},"content":{"rendered":"<p>O ministro dos Direitos Humanos e da Cidadania, Silvio Almeida, promove uma palestra sobre teoria jur\u00eddica do desenvolvimento, na pr\u00f3xima quarta-feira (29\/5), \u00e0s 9h30. A aula ser\u00e1 destinada aos advogados p\u00fablicos e ocorrer\u00e1 na Escola da Advocacia-Geral da Uni\u00e3o (AGU), em Bras\u00edlia (DF).<\/p>\n<p>A previs\u00e3o \u00e9 de um p\u00fablico de 700 advogados. A aula abre a etapa principal do curso &#8220;Direito e Desenvolvimento&#8221; e ser\u00e1 transmitida ao vivo pelo <a href=\"https:\/\/www.youtube.com\/user\/escolaagu\">canal da Escola da AGU, no YouTube<\/a>.<\/p>\n<p>O ministro tem doutorado e p\u00f3s-doutorado em direito pela Universidade de S\u00e3o Paulo (USP) e j\u00e1 deu aula em diversas universidades brasileiras e nos Estados Unidos. Silvio tamb\u00e9m tem obras publicadas sobre direito, entre elas: Direito Econ\u00f4mico, Sistema Financeiro e Novas Tecnologias, da Editora Arraes, de 2019.<\/p>\n<p>Ap\u00f3s a aula magna, o curso seguir\u00e1 com os professores Maria Paula Dallari (USP), Giovani Clark (UFMG), Gabriela Lotta (FGV) e Marcus Faro (UnB).<\/p>\n<ul>\n<li><strong>Leia tamb\u00e9m:<\/strong>\u00a0<a href=\"https:\/\/blogs.correiobraziliense.com.br\/servidor\/greve-da-educacao-comissao-da-camara-fara-audiencia-em-apoio-aos-servidores\/\" rel=\"bookmark\">Greve da Educa\u00e7\u00e3o: Comiss\u00e3o da C\u00e2mara far\u00e1 audi\u00eancia em apoio aos servidores<\/a><\/li>\n<li><a href=\"https:\/\/blogs.correiobraziliense.com.br\/servidor\/congresso-discute-medidas-contra-assedio-e-discriminacao-no-servico-publico\/\" rel=\"bookmark\">Congresso discute medidas contra ass\u00e9dio e discrimina\u00e7\u00e3o no servi\u00e7o p\u00fablico<\/a><\/li>\n<li><a href=\"https:\/\/blogs.correiobraziliense.com.br\/servidor\/greve-de-servidores-adunb-organiza-atos-e-dialogos-sobre-clima-e-militancia-internacional\/\" rel=\"bookmark\">Greve de servidores: ADUnb organiza atos e di\u00e1logos sobre clima e milit\u00e2ncia internacional<\/a><\/li>\n<\/ul>\n","protected":false},"excerpt":{"rendered":"<p>O ministro dos Direitos Humanos e da Cidadania, Silvio Almeida, promove uma palestra sobre teoria jur\u00eddica do desenvolvimento, na pr\u00f3xima quarta-feira (29\/5), \u00e0s 9h30. A aula ser\u00e1 destinada aos advogados p\u00fablicos e ocorrer\u00e1 na Escola da Advocacia-Geral da Uni\u00e3o (AGU), em Bras\u00edlia (DF). A previs\u00e3o \u00e9 de um p\u00fablico de 700 advogados. A aula abre a etapa principal do curso [&hellip;]<\/p>\n","protected":false},"author":139,"featured_media":21476,"comment_status":"open","ping_status":"closed","sticky":false,"template":"","format":"standard","meta":{"footnotes":""},"categories":[19521,19524],"tags":[4291,157,1076,116,98,19536],"class_list":["post-21475","post","type-post","status-publish","format-standard","has-post-thumbnail","hentry","category-curso","category-governo-federal","tag-advogado","tag-agu","tag-curso","tag-direito","tag-governo","tag-silvio-almeida"],"_links":{"self":[{"href":"https:\/\/blogs.correiobraziliense.com.br\/servidor\/wp-json\/wp\/v2\/posts\/21475","targetHints":{"allow":["GET"]}}],"collection":[{"href":"https:\/\/blogs.correiobraziliense.com.br\/servidor\/wp-json\/wp\/v2\/posts"}],"about":[{"href":"https:\/\/blogs.correiobraziliense.com.br\/servidor\/wp-json\/wp\/v2\/types\/post"}],"author":[{"embeddable":true,"href":"https:\/\/blogs.correiobraziliense.com.br\/servidor\/wp-json\/wp\/v2\/users\/139"}],"replies":[{"embeddable":true,"href":"https:\/\/blogs.correiobraziliense.com.br\/servidor\/wp-json\/wp\/v2\/comments?post=21475"}],"version-history":[{"count":1,"href":"https:\/\/blogs.correiobraziliense.com.br\/servidor\/wp-json\/wp\/v2\/posts\/21475\/revisions"}],"predecessor-version":[{"id":21477,"href":"https:\/\/blogs.correiobraziliense.com.br\/servidor\/wp-json\/wp\/v2\/posts\/21475\/revisions\/21477"}],"wp:featuredmedia":[{"embeddable":true,"href":"https:\/\/blogs.correiobraziliense.com.br\/servidor\/wp-json\/wp\/v2\/media\/21476"}],"wp:attachment":[{"href":"https:\/\/blogs.correiobraziliense.com.br\/servidor\/wp-json\/wp\/v2\/media?parent=21475"}],"wp:term":[{"taxonomy":"category","embeddable":true,"href":"https:\/\/blogs.correiobraziliense.com.br\/servidor\/wp-json\/wp\/v2\/categories?post=21475"},{"taxonomy":"post_tag","embeddable":true,"href":"https:\/\/blogs.correiobraziliense.com.br\/servidor\/wp-json\/wp\/v2\/tags?post=21475"}],"curies":[{"name":"wp","href":"https:\/\/api.w.org\/{rel}","templated":true}]}}