{"id":2147,"date":"2016-07-04T17:34:33","date_gmt":"2016-07-04T20:34:33","guid":{"rendered":"https:\/\/blogs.correiobraziliense.com.br\/servidor\/?p=2147"},"modified":"2016-07-08T10:26:11","modified_gmt":"2016-07-08T13:26:11","slug":"trabalhadores-da-eletrobras-mantem-greve-de-72-horas","status":"publish","type":"post","link":"https:\/\/blogs.correiobraziliense.com.br\/servidor\/trabalhadores-da-eletrobras-mantem-greve-de-72-horas\/","title":{"rendered":"Trabalhadores da Eletrobras mant\u00eam greve de 72 horas"},"content":{"rendered":"<p><em>A paralisa\u00e7\u00e3o ser\u00e1 hoje, amanh\u00e3 e na quarta-feira, 6 de julho.<\/em><\/p>\n<p>Segundo a Associa\u00e7\u00e3o Nacional dos Empregados da Eletrobras (Aeel), os protestos acontecem em todo o pa\u00eds, nas 17 empresas do sistema, mas \u00e9 na \u00e1rea administrativa e n\u00e3o h\u00e1 risco de interrup\u00e7\u00e3o do fornecimento de energia. No dia 6, haver\u00e1 um ato de mobiliza\u00e7\u00e3o, \u00e0s 12 horas<\/p>\n<p>Segundo a Aeel, a greve se deve \u00e0s negocia\u00e7\u00f5es sobre o Acordo Coletivo de Trabalho (ACT) deste ano. Os trabalhadores querem reajuste salarial de 9,28%, em linha com o IPCA. A Eletrobras s\u00f3 ofereceu adiantamento de 5%, caso os funcion\u00e1rios concordem em mudar a data base do acordo para outubro e assinem um ACT com dois anos de vig\u00eancia. As negocia\u00e7\u00f5es est\u00e3o paradas, segundo a Associa\u00e7\u00e3o, porque a Eletrobras cancelou o processo de negocia\u00e7\u00e3o.<\/p>\n<p>&nbsp;<\/p>\n<p>&nbsp;<\/p>\n<p>&nbsp;<\/p>\n","protected":false},"excerpt":{"rendered":"<p>A paralisa\u00e7\u00e3o ser\u00e1 hoje, amanh\u00e3 e na quarta-feira, 6 de julho. Segundo a Associa\u00e7\u00e3o Nacional dos Empregados da Eletrobras (Aeel), os protestos acontecem em todo o pa\u00eds, nas 17 empresas do sistema, mas \u00e9 na \u00e1rea administrativa e n\u00e3o h\u00e1 risco de interrup\u00e7\u00e3o do fornecimento de energia. No dia 6, haver\u00e1 um ato de mobiliza\u00e7\u00e3o, \u00e0s 12 horas Segundo a [&hellip;]<\/p>\n","protected":false},"author":27,"featured_media":0,"comment_status":"open","ping_status":"closed","sticky":false,"template":"","format":"standard","meta":{"footnotes":""},"categories":[1,2719],"tags":[2652,2651,1792,2654,15,2653,555,1212,19],"class_list":["post-2147","post","type-post","status-publish","format-standard","hentry","category-sem-categoria","category-servidor","tag-72-horas","tag-eletrobras","tag-energia","tag-fornecimento","tag-greve","tag-interrupcao","tag-protestos","tag-risco","tag-trabalhadores"],"_links":{"self":[{"href":"https:\/\/blogs.correiobraziliense.com.br\/servidor\/wp-json\/wp\/v2\/posts\/2147","targetHints":{"allow":["GET"]}}],"collection":[{"href":"https:\/\/blogs.correiobraziliense.com.br\/servidor\/wp-json\/wp\/v2\/posts"}],"about":[{"href":"https:\/\/blogs.correiobraziliense.com.br\/servidor\/wp-json\/wp\/v2\/types\/post"}],"author":[{"embeddable":true,"href":"https:\/\/blogs.correiobraziliense.com.br\/servidor\/wp-json\/wp\/v2\/users\/27"}],"replies":[{"embeddable":true,"href":"https:\/\/blogs.correiobraziliense.com.br\/servidor\/wp-json\/wp\/v2\/comments?post=2147"}],"version-history":[{"count":1,"href":"https:\/\/blogs.correiobraziliense.com.br\/servidor\/wp-json\/wp\/v2\/posts\/2147\/revisions"}],"predecessor-version":[{"id":2148,"href":"https:\/\/blogs.correiobraziliense.com.br\/servidor\/wp-json\/wp\/v2\/posts\/2147\/revisions\/2148"}],"wp:attachment":[{"href":"https:\/\/blogs.correiobraziliense.com.br\/servidor\/wp-json\/wp\/v2\/media?parent=2147"}],"wp:term":[{"taxonomy":"category","embeddable":true,"href":"https:\/\/blogs.correiobraziliense.com.br\/servidor\/wp-json\/wp\/v2\/categories?post=2147"},{"taxonomy":"post_tag","embeddable":true,"href":"https:\/\/blogs.correiobraziliense.com.br\/servidor\/wp-json\/wp\/v2\/tags?post=2147"}],"curies":[{"name":"wp","href":"https:\/\/api.w.org\/{rel}","templated":true}]}}