{"id":21453,"date":"2024-05-22T11:40:00","date_gmt":"2024-05-22T14:40:00","guid":{"rendered":"https:\/\/blogs.correiobraziliense.com.br\/servidor\/?p=21453"},"modified":"2024-05-23T14:16:09","modified_gmt":"2024-05-23T17:16:09","slug":"greve-da-educacao-comissao-da-camara-fara-audiencia-em-apoio-aos-servidores","status":"publish","type":"post","link":"https:\/\/blogs.correiobraziliense.com.br\/servidor\/greve-da-educacao-comissao-da-camara-fara-audiencia-em-apoio-aos-servidores\/","title":{"rendered":"Greve da Educa\u00e7\u00e3o: Comiss\u00e3o da C\u00e2mara far\u00e1 audi\u00eancia em apoio aos servidores"},"content":{"rendered":"<p>A Comiss\u00e3o de Administra\u00e7\u00e3o e Servi\u00e7o P\u00fablico da C\u00e2mara dos Deputados far\u00e1 uma audi\u00eancia p\u00fablica em apoio aos servidores da Educa\u00e7\u00e3o. Professores e servidores da Educa\u00e7\u00e3o de 53 universidades e institutos federais est\u00e3o em greve h\u00e1 mais de um m\u00eas. A categoria pede por reajuste salarial e reestrutura\u00e7\u00e3o das carreiras.<\/p>\n<p>O evento est\u00e1 marcado para esta quarta-feira (22\/5), \u00e0s 14h, no plen\u00e1rio 15.<\/p>\n<p>Recentemente, o governo fez uma proposta de aumento de 13,3% a 31% at\u00e9 2026. Por\u00e9m, os valores s\u00f3 come\u00e7ariam a ser pagos em 2025. A audi\u00eancia foi proposta pela deputada Professora Luciene Cavalcante (Psol-SP).<\/p>\n<h3>Reuni\u00e3o termina sem acordo<\/h3>\n<p>Os sindicatos que representam os servidores t\u00e9cnicos-administrativos e o Minist\u00e9rio da Gest\u00e3o e da Inova\u00e7\u00e3o em Servi\u00e7os P\u00fablicos (MGI) fizeram uma reuni\u00e3o na tarde desta ter\u00e7a-feira (21\/5) para tratar sobre o reajuste.<\/p>\n<p>A reuni\u00e3o acabou sem acordo. A categoria pede aumento salarial de tr\u00eas parcelas de 10,34% (2024, 25 e 26). O governo, no entanto, colocou \u00e0 mesa uma proposta de reajuste de 9% na remunera\u00e7\u00e3o a partir de 2025, mais 3,5% de aumento em 2026.<\/p>\n<ul>\n<li><strong>Leia tamb\u00e9m:\u00a0<\/strong><a href=\"https:\/\/blogs.correiobraziliense.com.br\/servidor\/congresso-discute-medidas-contra-assedio-e-discriminacao-no-servico-publico\/\" rel=\"bookmark\">Congresso discute medidas contra ass\u00e9dio e discrimina\u00e7\u00e3o no servi\u00e7o p\u00fablico<\/a><\/li>\n<li><a href=\"https:\/\/blogs.correiobraziliense.com.br\/servidor\/greve-de-servidores-adunb-organiza-atos-e-dialogos-sobre-clima-e-militancia-internacional\/\" rel=\"bookmark\">Greve de servidores: ADUnb organiza atos e di\u00e1logos sobre clima e milit\u00e2ncia internacional<\/a><\/li>\n<li><a href=\"https:\/\/blogs.correiobraziliense.com.br\/servidor\/sinditamaraty-promove-congresso-sobre-enfrentamento-ao-assedio-e-a-discriminacao-no-servico-publico\/\" rel=\"bookmark\">Sinditamaraty promove congresso sobre Enfrentamento ao Ass\u00e9dio e \u00e0 Discrimina\u00e7\u00e3o no Servi\u00e7o P\u00fablico<\/a><\/li>\n<\/ul>\n","protected":false},"excerpt":{"rendered":"<p>A Comiss\u00e3o de Administra\u00e7\u00e3o e Servi\u00e7o P\u00fablico da C\u00e2mara dos Deputados far\u00e1 uma audi\u00eancia p\u00fablica em apoio aos servidores da Educa\u00e7\u00e3o. Professores e servidores da Educa\u00e7\u00e3o de 53 universidades e institutos federais est\u00e3o em greve h\u00e1 mais de um m\u00eas. A categoria pede por reajuste salarial e reestrutura\u00e7\u00e3o das carreiras. O evento est\u00e1 marcado para esta quarta-feira (22\/5), \u00e0s 14h, [&hellip;]<\/p>\n","protected":false},"author":139,"featured_media":21454,"comment_status":"open","ping_status":"closed","sticky":false,"template":"","format":"standard","meta":{"footnotes":""},"categories":[19499,19517,19497,19512],"tags":[61,1531,98,151,241,63,3946,18,30,58],"class_list":["post-21453","post","type-post","status-publish","format-standard","has-post-thumbnail","hentry","category-educacao","category-reajuste-salarial","category-servico-publico","category-servidores-publicos","tag-camara","tag-camara-dos-deputados","tag-governo","tag-pagamento","tag-publico","tag-reajuste","tag-reajuste-salarial","tag-salarial","tag-salarios","tag-servidores"],"_links":{"self":[{"href":"https:\/\/blogs.correiobraziliense.com.br\/servidor\/wp-json\/wp\/v2\/posts\/21453","targetHints":{"allow":["GET"]}}],"collection":[{"href":"https:\/\/blogs.correiobraziliense.com.br\/servidor\/wp-json\/wp\/v2\/posts"}],"about":[{"href":"https:\/\/blogs.correiobraziliense.com.br\/servidor\/wp-json\/wp\/v2\/types\/post"}],"author":[{"embeddable":true,"href":"https:\/\/blogs.correiobraziliense.com.br\/servidor\/wp-json\/wp\/v2\/users\/139"}],"replies":[{"embeddable":true,"href":"https:\/\/blogs.correiobraziliense.com.br\/servidor\/wp-json\/wp\/v2\/comments?post=21453"}],"version-history":[{"count":6,"href":"https:\/\/blogs.correiobraziliense.com.br\/servidor\/wp-json\/wp\/v2\/posts\/21453\/revisions"}],"predecessor-version":[{"id":21474,"href":"https:\/\/blogs.correiobraziliense.com.br\/servidor\/wp-json\/wp\/v2\/posts\/21453\/revisions\/21474"}],"wp:featuredmedia":[{"embeddable":true,"href":"https:\/\/blogs.correiobraziliense.com.br\/servidor\/wp-json\/wp\/v2\/media\/21454"}],"wp:attachment":[{"href":"https:\/\/blogs.correiobraziliense.com.br\/servidor\/wp-json\/wp\/v2\/media?parent=21453"}],"wp:term":[{"taxonomy":"category","embeddable":true,"href":"https:\/\/blogs.correiobraziliense.com.br\/servidor\/wp-json\/wp\/v2\/categories?post=21453"},{"taxonomy":"post_tag","embeddable":true,"href":"https:\/\/blogs.correiobraziliense.com.br\/servidor\/wp-json\/wp\/v2\/tags?post=21453"}],"curies":[{"name":"wp","href":"https:\/\/api.w.org\/{rel}","templated":true}]}}