{"id":2145,"date":"2016-07-04T16:39:29","date_gmt":"2016-07-04T19:39:29","guid":{"rendered":"https:\/\/blogs.correiobraziliense.com.br\/servidor\/?p=2145"},"modified":"2016-07-08T10:26:13","modified_gmt":"2016-07-08T13:26:13","slug":"justica-trabalhista-entende-que-infraero-desvirtuou-caracteristica-de-cargo-funcional-de-advogados-concursados","status":"publish","type":"post","link":"https:\/\/blogs.correiobraziliense.com.br\/servidor\/justica-trabalhista-entende-que-infraero-desvirtuou-caracteristica-de-cargo-funcional-de-advogados-concursados\/","title":{"rendered":"Justi\u00e7a Trabalhista entende que Infraero desvirtuou caracter\u00edstica de  cargo funcional de advogados concursados"},"content":{"rendered":"<p><em>As promo\u00e7\u00f5es eram mascaradas em forma gratifica\u00e7\u00e3o de cargo de confian\u00e7a. Como consequ\u00eancia, os reajustes e algumas verbas acess\u00f3rias n\u00e3o incidiam sobre o valor total do sal\u00e1rio<\/em><\/p>\n<p>Em decis\u00e3o, o Tribunal Regional do Trabalho da 10\u00aa Regi\u00e3o entendeu que a Empresa Brasileira de Infraestrutura Aeroportu\u00e1ria (Infraero) desvirtuou a evolu\u00e7\u00e3o de carreira dos advogados concursados, caracterizando os cargos ocupados como supostos cargos de confian\u00e7a. No julgamento, o Tribunal decidiu que tal fun\u00e7\u00e3o \u00e9 de natureza t\u00e9cnica e n\u00e3o de confian\u00e7a.<\/p>\n<p>O advogado do escrit\u00f3rio Ferraz dos Passos, Ronaldo Tolentino, explica que a Infraero tem um Regulamento Interno para os advogados concursados. &#8220;Quando o advogado \u00e9 aprovado no concurso, ap\u00f3s o per\u00edodo de dois anos de experi\u00eancia, ocorre uma promo\u00e7\u00e3o autom\u00e1tica para o cargo de Procurador Jur\u00eddico 4, e de dois em dois anos, ele passa para Procurador Jur\u00eddico 3, 2, 1 e subprocurador&#8221;, explicou Tolentino.<\/p>\n<p>No entanto, as promo\u00e7\u00f5es eram mascaradas em forma gratifica\u00e7\u00e3o de cargo de confian\u00e7a. Como consequ\u00eancia disso, os reajustes e algumas verbas acess\u00f3rias n\u00e3o incidiam sobre o valor total do sal\u00e1rio. A Infraero tamb\u00e9m utilizava este expediente para a pr\u00e1tica de ass\u00e9dio moral, amea\u00e7ando os procuradores de retirar-lhes a suposta gratifica\u00e7\u00e3o, informou o advogado<\/p>\n<p>Em um epis\u00f3dio, contou, a Infraero quis transferir o procurador no Cear\u00e1 sob pena de retirar o&#8221;cargo de confian\u00e7a&#8221;. O servidor entrou na justi\u00e7a e ganhou, destacou.<\/p>\n<p>&nbsp;<\/p>\n","protected":false},"excerpt":{"rendered":"<p>As promo\u00e7\u00f5es eram mascaradas em forma gratifica\u00e7\u00e3o de cargo de confian\u00e7a. Como consequ\u00eancia, os reajustes e algumas verbas acess\u00f3rias n\u00e3o incidiam sobre o valor total do sal\u00e1rio Em decis\u00e3o, o Tribunal Regional do Trabalho da 10\u00aa Regi\u00e3o entendeu que a Empresa Brasileira de Infraestrutura Aeroportu\u00e1ria (Infraero) desvirtuou a evolu\u00e7\u00e3o de carreira dos advogados concursados, caracterizando os cargos ocupados como supostos [&hellip;]<\/p>\n","protected":false},"author":27,"featured_media":0,"comment_status":"open","ping_status":"closed","sticky":false,"template":"","format":"standard","meta":{"footnotes":""},"categories":[1,2719],"tags":[265,2650,300,1147,2649,2648,1313,2343,260,2157],"class_list":["post-2145","post","type-post","status-publish","format-standard","hentry","category-sem-categoria","category-servidor","tag-advogados","tag-caracteristica","tag-cargo","tag-concursados","tag-desvirtuou","tag-entende","tag-funcional","tag-infraero","tag-justica","tag-trabalhista"],"_links":{"self":[{"href":"https:\/\/blogs.correiobraziliense.com.br\/servidor\/wp-json\/wp\/v2\/posts\/2145","targetHints":{"allow":["GET"]}}],"collection":[{"href":"https:\/\/blogs.correiobraziliense.com.br\/servidor\/wp-json\/wp\/v2\/posts"}],"about":[{"href":"https:\/\/blogs.correiobraziliense.com.br\/servidor\/wp-json\/wp\/v2\/types\/post"}],"author":[{"embeddable":true,"href":"https:\/\/blogs.correiobraziliense.com.br\/servidor\/wp-json\/wp\/v2\/users\/27"}],"replies":[{"embeddable":true,"href":"https:\/\/blogs.correiobraziliense.com.br\/servidor\/wp-json\/wp\/v2\/comments?post=2145"}],"version-history":[{"count":1,"href":"https:\/\/blogs.correiobraziliense.com.br\/servidor\/wp-json\/wp\/v2\/posts\/2145\/revisions"}],"predecessor-version":[{"id":2146,"href":"https:\/\/blogs.correiobraziliense.com.br\/servidor\/wp-json\/wp\/v2\/posts\/2145\/revisions\/2146"}],"wp:attachment":[{"href":"https:\/\/blogs.correiobraziliense.com.br\/servidor\/wp-json\/wp\/v2\/media?parent=2145"}],"wp:term":[{"taxonomy":"category","embeddable":true,"href":"https:\/\/blogs.correiobraziliense.com.br\/servidor\/wp-json\/wp\/v2\/categories?post=2145"},{"taxonomy":"post_tag","embeddable":true,"href":"https:\/\/blogs.correiobraziliense.com.br\/servidor\/wp-json\/wp\/v2\/tags?post=2145"}],"curies":[{"name":"wp","href":"https:\/\/api.w.org\/{rel}","templated":true}]}}