{"id":21380,"date":"2024-05-15T11:22:23","date_gmt":"2024-05-15T14:22:23","guid":{"rendered":"https:\/\/blogs.correiobraziliense.com.br\/servidor\/?p=21380"},"modified":"2024-05-15T11:22:23","modified_gmt":"2024-05-15T14:22:23","slug":"greve-de-servidores-adunb-organiza-atos-e-dialogos-sobre-clima-e-militancia-internacional","status":"publish","type":"post","link":"https:\/\/blogs.correiobraziliense.com.br\/servidor\/greve-de-servidores-adunb-organiza-atos-e-dialogos-sobre-clima-e-militancia-internacional\/","title":{"rendered":"Greve de servidores: ADUnb organiza atos e di\u00e1logos sobre clima e milit\u00e2ncia internacional"},"content":{"rendered":"<p>Em greve desde abril, professores sindicalizados \u00e0 Associa\u00e7\u00e3o dos Docentes da Universidade de Bras\u00edlia (ADUnb) v\u00e3o organizar manifesta\u00e7\u00f5es e debates sobre clima, milit\u00e2ncia internacional e o legado do pensador Paulo Freire.<\/p>\n<p>A semana de mobiliza\u00e7\u00e3o come\u00e7a nesta quarta-feira (15\/5), com um ato em frente ao Minist\u00e9rio da Gest\u00e3o e Inova\u00e7\u00e3o em Servi\u00e7os P\u00fablicos (MGI). O ato ocorre em meio a uma reuni\u00e3o entre o governo e o Sindicato Nacional dos Docentes das Institui\u00e7\u00f5es de Ensino Superior (Andes).<\/p>\n<p>Professores defendem reajuste salarial de 22,71%, divididos em tr\u00eas parcelas iguais de 7,06% em 2024, 2025 e 2026. J\u00e1 o governo federal apresentou uma proposta de reajuste de 9% no sal\u00e1rio em janeiro de 2025 e mais 3,5% em maio de 2026.\u00a0A greve por reajustes salariais\u00a0 abrange 52 universidades e col\u00e9gios federais.<\/p>\n<p><strong>Autonomia de greve<\/strong><\/p>\n<p>Ap\u00f3s a manifesta\u00e7\u00e3o em frente ao MGI, docentes da UnB sindicalizado \u00e0 ADUnb participar\u00e3o, \u00e0s 14h, da mesa \u201cAutonomia na greve: Paulo Freire e a\u00e7\u00e3o pol\u00edtica\u201d. O debate ser\u00e1 realizado na Varanda da Faculdade de Educa\u00e7\u00e3o da Universidade de Bras\u00edlia.<\/p>\n<p><strong>Internacional<\/strong><\/p>\n<p>\u00c0 noite, a partir das 19h, na Sala de Reuni\u00f5es da ADUnb, haver\u00e1 uma mesa denominada \u201cA luta pol\u00edtica curda na Turquia\u201c. Esse evento ter\u00e1 a participa\u00e7\u00e3o internacional do deputado Berdan \u00d6zt\u00fcrk, do parlamento da Turquia, al\u00e9m da congressista turca Ceylan Ak\u00e7a e do professor Alexandre Bernardino Costa, professor da Faculdade de Direito da UnB.<\/p>\n<p><strong>Discuss\u00e3o socioambiental<\/strong><\/p>\n<p>O calend\u00e1rio de debates organizados pela ADUnb continua na quinta-feira (16\/5), com a mesa \u201cExtremos clim\u00e1ticos e as universidades no enfrentamento da fome e dos conflitos socioambientais no DF\u201d.<\/p>\n<p>A mesa, que ser\u00e1 realizada no Audit\u00f3rio do Centro Cultural da ADUnb, contar\u00e1 com as participa\u00e7\u00f5es das professores Elisabetta Recine, Liza Andrade, o professor Perci Coelho e Pedro Lacerda, do Movimento Salve Arie JK\/Rio Melchior.<\/p>\n","protected":false},"excerpt":{"rendered":"<p>Em greve desde abril, professores sindicalizados \u00e0 Associa\u00e7\u00e3o dos Docentes da Universidade de Bras\u00edlia (ADUnb) v\u00e3o organizar manifesta\u00e7\u00f5es e debates sobre clima, milit\u00e2ncia internacional e o legado do pensador Paulo Freire. A semana de mobiliza\u00e7\u00e3o come\u00e7a nesta quarta-feira (15\/5), com um ato em frente ao Minist\u00e9rio da Gest\u00e3o e Inova\u00e7\u00e3o em Servi\u00e7os P\u00fablicos (MGI). O ato ocorre em meio a [&hellip;]<\/p>\n","protected":false},"author":156,"featured_media":21328,"comment_status":"open","ping_status":"closed","sticky":false,"template":"","format":"standard","meta":{"footnotes":""},"categories":[19524,19517,2719,19512],"tags":[59,98,15,1151,19520,6012],"class_list":["post-21380","post","type-post","status-publish","format-standard","has-post-thumbnail","hentry","category-governo-federal","category-reajuste-salarial","category-servidor","category-servidores-publicos","tag-federais","tag-governo","tag-greve","tag-manifestacao","tag-mgi","tag-universidades"],"_links":{"self":[{"href":"https:\/\/blogs.correiobraziliense.com.br\/servidor\/wp-json\/wp\/v2\/posts\/21380","targetHints":{"allow":["GET"]}}],"collection":[{"href":"https:\/\/blogs.correiobraziliense.com.br\/servidor\/wp-json\/wp\/v2\/posts"}],"about":[{"href":"https:\/\/blogs.correiobraziliense.com.br\/servidor\/wp-json\/wp\/v2\/types\/post"}],"author":[{"embeddable":true,"href":"https:\/\/blogs.correiobraziliense.com.br\/servidor\/wp-json\/wp\/v2\/users\/156"}],"replies":[{"embeddable":true,"href":"https:\/\/blogs.correiobraziliense.com.br\/servidor\/wp-json\/wp\/v2\/comments?post=21380"}],"version-history":[{"count":3,"href":"https:\/\/blogs.correiobraziliense.com.br\/servidor\/wp-json\/wp\/v2\/posts\/21380\/revisions"}],"predecessor-version":[{"id":21384,"href":"https:\/\/blogs.correiobraziliense.com.br\/servidor\/wp-json\/wp\/v2\/posts\/21380\/revisions\/21384"}],"wp:featuredmedia":[{"embeddable":true,"href":"https:\/\/blogs.correiobraziliense.com.br\/servidor\/wp-json\/wp\/v2\/media\/21328"}],"wp:attachment":[{"href":"https:\/\/blogs.correiobraziliense.com.br\/servidor\/wp-json\/wp\/v2\/media?parent=21380"}],"wp:term":[{"taxonomy":"category","embeddable":true,"href":"https:\/\/blogs.correiobraziliense.com.br\/servidor\/wp-json\/wp\/v2\/categories?post=21380"},{"taxonomy":"post_tag","embeddable":true,"href":"https:\/\/blogs.correiobraziliense.com.br\/servidor\/wp-json\/wp\/v2\/tags?post=21380"}],"curies":[{"name":"wp","href":"https:\/\/api.w.org\/{rel}","templated":true}]}}