{"id":21371,"date":"2024-05-13T16:05:38","date_gmt":"2024-05-13T19:05:38","guid":{"rendered":"https:\/\/blogs.correiobraziliense.com.br\/servidor\/?p=21371"},"modified":"2024-05-13T18:08:07","modified_gmt":"2024-05-13T21:08:07","slug":"sinditamaraty-promove-congresso-sobre-enfrentamento-ao-assedio-e-a-discriminacao-no-servico-publico","status":"publish","type":"post","link":"https:\/\/blogs.correiobraziliense.com.br\/servidor\/sinditamaraty-promove-congresso-sobre-enfrentamento-ao-assedio-e-a-discriminacao-no-servico-publico\/","title":{"rendered":"Sinditamaraty promove congresso sobre Enfrentamento ao Ass\u00e9dio e \u00e0 Discrimina\u00e7\u00e3o no Servi\u00e7o P\u00fablico"},"content":{"rendered":"<p>Por Thays Martins<\/p>\n<p>O Sindicato Nacional dos Servidores do Minist\u00e9rio das Rela\u00e7\u00f5es Exteriores promove entre esta segunda-feira (13\/5) e ter\u00e7a-feira (14\/5) o Congresso Internacional de Enfrentamento ao Ass\u00e9dio e \u00e0 Discrimina\u00e7\u00e3o no Servi\u00e7o P\u00fablico.<\/p>\n<p>A cerim\u00f4nia de abertura ocorre a partir das 19h no audit\u00f3rio Wladimir Murtinho, no subsolo do Pal\u00e1cio Itamaraty. As palestras de amanh\u00e3 ser\u00e3o no Hotel Royal Tulip, no endere\u00e7o SHTN, trecho 1, conjunto 1B, bloco C.<\/p>\n<p>A mesa de abertura vai contar com a presen\u00e7a de Ivana Lima, presidente do Sinditamaraty, e representantes do Minist\u00e9rio da Gest\u00e3o e Inova\u00e7\u00e3o e do Minist\u00e9rio das Rela\u00e7\u00f5es Exteriores, do Minist\u00e9rio P\u00fablico do Trabalho e Organiza\u00e7\u00e3o Internacional do Trabalho.<\/p>\n<p>J\u00e1 na ter\u00e7a, a programa\u00e7\u00e3o conta com quatro pain\u00e9is:<\/p>\n<p>Painel 1 &#8211; Diagn\u00f3stico da Pesquisa \u201cProtocolo Atos de Viol\u00eancia no Minist\u00e9rio das Rela\u00e7\u00f5es Exteriores\u201d<\/p>\n<p>Painel 2 &#8211; Medidas de Enfrentamento ao Ass\u00e9dio Sexual nos 3 Poderes<\/p>\n<p>Painel 3 &#8211; Viol\u00eancia no Trabalho (Conven\u00e7\u00e3o 190 da OIT) e Pr\u00e1ticas Antissindicais<\/p>\n<p>Painel 4 &#8211; Ass\u00e9dio Moral e Institucional no Servi\u00e7o P\u00fablico e A\u00e7\u00f5es Afirmativas<\/p>\n<p>Entre os convidados est\u00e3o Ilana Trombka, diretora-geral do Senado Federal, Eduardo Maia, diretor da Confedera\u00e7\u00e3o dos Servidores P\u00fablicos do Brasil e da Nova Central Sindical dos Trabalhadores, e Jo\u00e3o Domingos, presidente da Confedera\u00e7\u00e3o Nacional dos Servidores P\u00fablicos. <a href=\"https:\/\/sinditamaraty.org.br\/assets\/legislacao\/documentos\/45838f12-2a52-4c54-8c17-6e89decadce6.pdf\">Veja a programa\u00e7\u00e3o completa aqui<\/a><\/p>\n<p>Para os interessados que n\u00e3o conseguiram se inscrever, o evento conta com lista de espera. Basta preencher o formul\u00e1rio pelo link: <a href=\"https:\/\/tinyurl.com\/3fspfd2t.\">tinyurl.com\/3fspfd2t.<\/a><\/p>\n","protected":false},"excerpt":{"rendered":"<p>Por Thays Martins O Sindicato Nacional dos Servidores do Minist\u00e9rio das Rela\u00e7\u00f5es Exteriores promove entre esta segunda-feira (13\/5) e ter\u00e7a-feira (14\/5) o Congresso Internacional de Enfrentamento ao Ass\u00e9dio e \u00e0 Discrimina\u00e7\u00e3o no Servi\u00e7o P\u00fablico. A cerim\u00f4nia de abertura ocorre a partir das 19h no audit\u00f3rio Wladimir Murtinho, no subsolo do Pal\u00e1cio Itamaraty. As palestras de amanh\u00e3 ser\u00e3o no Hotel Royal [&hellip;]<\/p>\n","protected":false},"author":156,"featured_media":14460,"comment_status":"open","ping_status":"closed","sticky":false,"template":"","format":"standard","meta":{"footnotes":""},"categories":[19521,19499,19534,19497,2719,19512],"tags":[1870,100,3641,1800],"class_list":["post-21371","post","type-post","status-publish","format-standard","has-post-thumbnail","hentry","category-curso","category-educacao","category-relacionamento","category-servico-publico","category-servidor","category-servidores-publicos","tag-assedio","tag-congresso","tag-discussao","tag-enfrentamento"],"_links":{"self":[{"href":"https:\/\/blogs.correiobraziliense.com.br\/servidor\/wp-json\/wp\/v2\/posts\/21371","targetHints":{"allow":["GET"]}}],"collection":[{"href":"https:\/\/blogs.correiobraziliense.com.br\/servidor\/wp-json\/wp\/v2\/posts"}],"about":[{"href":"https:\/\/blogs.correiobraziliense.com.br\/servidor\/wp-json\/wp\/v2\/types\/post"}],"author":[{"embeddable":true,"href":"https:\/\/blogs.correiobraziliense.com.br\/servidor\/wp-json\/wp\/v2\/users\/156"}],"replies":[{"embeddable":true,"href":"https:\/\/blogs.correiobraziliense.com.br\/servidor\/wp-json\/wp\/v2\/comments?post=21371"}],"version-history":[{"count":2,"href":"https:\/\/blogs.correiobraziliense.com.br\/servidor\/wp-json\/wp\/v2\/posts\/21371\/revisions"}],"predecessor-version":[{"id":21376,"href":"https:\/\/blogs.correiobraziliense.com.br\/servidor\/wp-json\/wp\/v2\/posts\/21371\/revisions\/21376"}],"wp:featuredmedia":[{"embeddable":true,"href":"https:\/\/blogs.correiobraziliense.com.br\/servidor\/wp-json\/wp\/v2\/media\/14460"}],"wp:attachment":[{"href":"https:\/\/blogs.correiobraziliense.com.br\/servidor\/wp-json\/wp\/v2\/media?parent=21371"}],"wp:term":[{"taxonomy":"category","embeddable":true,"href":"https:\/\/blogs.correiobraziliense.com.br\/servidor\/wp-json\/wp\/v2\/categories?post=21371"},{"taxonomy":"post_tag","embeddable":true,"href":"https:\/\/blogs.correiobraziliense.com.br\/servidor\/wp-json\/wp\/v2\/tags?post=21371"}],"curies":[{"name":"wp","href":"https:\/\/api.w.org\/{rel}","templated":true}]}}