{"id":21367,"date":"2024-05-08T18:03:19","date_gmt":"2024-05-08T21:03:19","guid":{"rendered":"https:\/\/blogs.correiobraziliense.com.br\/servidor\/?p=21367"},"modified":"2024-05-08T18:03:19","modified_gmt":"2024-05-08T21:03:19","slug":"concurso-para-remocao-da-policia-penal-do-df-e-publicado-entenda-o-procedimento","status":"publish","type":"post","link":"https:\/\/blogs.correiobraziliense.com.br\/servidor\/concurso-para-remocao-da-policia-penal-do-df-e-publicado-entenda-o-procedimento\/","title":{"rendered":"Concurso para remo\u00e7\u00e3o da Pol\u00edcia Penal do DF \u00e9 publicado; entenda o procedimento"},"content":{"rendered":"<p><span style=\"font-weight: 400\">Medida foi publicada no Di\u00e1rio Oficial do Distrito Federal de ter\u00e7a-feira (7\/5)<\/span><\/p>\n<p>Foi publicado o concurso para remo\u00e7\u00e3o da Pol\u00edcia Penal do Distrito Federal. Os detalhes constam no Di\u00e1rio Oficial do DF dessa ter\u00e7a-feira (7\/5). A remo\u00e7\u00e3o, no servi\u00e7o p\u00fablico, ocorre quando o funcion\u00e1rio, por algum motivo, tenha de ser alocado em outra fun\u00e7\u00e3o ou local f\u00edsico (cidade, estado, por exemplo).<\/p>\n<p>Neste caso, o pol\u00edcia penal que deseja participar do processo de remo\u00e7\u00e3o ter\u00e1 de se inscrever, at\u00e9 segunda-feira (13\/5), no site do \u00f3rg\u00e3o em que atua. Caso queira desistir da inscri\u00e7\u00e3o, o servidor ter\u00e1 at\u00e9 ter\u00e7a-feira (14\/5) para recuar e registrar na Pol\u00edcia Penal.<\/p>\n<p>O edital deste concurso foi divulgado em mar\u00e7o. \u00c0 ocasi\u00e3o, foram detalhados crit\u00e9rios para que os profissionais participassem da remo\u00e7\u00e3o. O principal \u00e9 que a remo\u00e7\u00e3o de servidores ocorrer\u00e1 gradativamente, obedecendo a ordem de classifica\u00e7\u00e3o, de forma que n\u00e3o cause preju\u00edzos ao desempenho das atividades nas Unidades Prisionais.<\/p>\n<p>O funcion\u00e1rio dever\u00e1 permanecer pelo menos 12 meses na unidade escolhida e n\u00e3o poder\u00e1 solicitar a anula\u00e7\u00e3o do ato. Para participar da sele\u00e7\u00e3o, \u00e9 necess\u00e1rio atender os seguintes requisitos:<\/p>\n<p>&#8211; N\u00e3o estar em licen\u00e7a para tratar de interesses particulares;<\/p>\n<p>&#8211; N\u00e3o estar afastado para mandato eletivo;<\/p>\n<p>&#8211; N\u00e3o estar em licen\u00e7a para acompanhar c\u00f4njuge;<\/p>\n<p>&#8211; N\u00e3o estar cedido ou \u00e0 disposi\u00e7\u00e3o para outros \u00f3rg\u00e3os;<\/p>\n<p>&#8211; N\u00e3o estar em est\u00e1gio probat\u00f3rio;<\/p>\n<p>&#8211; N\u00e3o estar afastado ou com restri\u00e7\u00e3o, h\u00e1 mais de um ano, do exerc\u00edcio das atribui\u00e7\u00f5es do respectivo cargo e da lota\u00e7\u00e3o e exerc\u00edcio origin\u00e1rio;<\/p>\n<p>&#8211; N\u00e3o estar respondendo \u00e0 sindic\u00e2ncia e\/ou procedimento administrativo disciplinar;<\/p>\n<p>&#8211; N\u00e3o ter sofrido san\u00e7\u00e3o administrativa de suspens\u00e3o a menos de um ano, contado do cumprimento de eventual pena imposta.<\/p>\n","protected":false},"excerpt":{"rendered":"<p>Medida foi publicada no Di\u00e1rio Oficial do Distrito Federal de ter\u00e7a-feira (7\/5) Foi publicado o concurso para remo\u00e7\u00e3o da Pol\u00edcia Penal do Distrito Federal. Os detalhes constam no Di\u00e1rio Oficial do DF dessa ter\u00e7a-feira (7\/5). A remo\u00e7\u00e3o, no servi\u00e7o p\u00fablico, ocorre quando o funcion\u00e1rio, por algum motivo, tenha de ser alocado em outra fun\u00e7\u00e3o ou local f\u00edsico (cidade, estado, por [&hellip;]<\/p>\n","protected":false},"author":156,"featured_media":21285,"comment_status":"open","ping_status":"closed","sticky":false,"template":"","format":"standard","meta":{"footnotes":""},"categories":[19530,19497,2719,19512],"tags":[93,68,92,1291,19531,995],"class_list":["post-21367","post","type-post","status-publish","format-standard","has-post-thumbnail","hentry","category-seguranca-publica","category-servico-publico","category-servidor","category-servidores-publicos","tag-concurso","tag-df","tag-edital","tag-inscricao","tag-policia-penal","tag-remocao"],"_links":{"self":[{"href":"https:\/\/blogs.correiobraziliense.com.br\/servidor\/wp-json\/wp\/v2\/posts\/21367","targetHints":{"allow":["GET"]}}],"collection":[{"href":"https:\/\/blogs.correiobraziliense.com.br\/servidor\/wp-json\/wp\/v2\/posts"}],"about":[{"href":"https:\/\/blogs.correiobraziliense.com.br\/servidor\/wp-json\/wp\/v2\/types\/post"}],"author":[{"embeddable":true,"href":"https:\/\/blogs.correiobraziliense.com.br\/servidor\/wp-json\/wp\/v2\/users\/156"}],"replies":[{"embeddable":true,"href":"https:\/\/blogs.correiobraziliense.com.br\/servidor\/wp-json\/wp\/v2\/comments?post=21367"}],"version-history":[{"count":1,"href":"https:\/\/blogs.correiobraziliense.com.br\/servidor\/wp-json\/wp\/v2\/posts\/21367\/revisions"}],"predecessor-version":[{"id":21368,"href":"https:\/\/blogs.correiobraziliense.com.br\/servidor\/wp-json\/wp\/v2\/posts\/21367\/revisions\/21368"}],"wp:featuredmedia":[{"embeddable":true,"href":"https:\/\/blogs.correiobraziliense.com.br\/servidor\/wp-json\/wp\/v2\/media\/21285"}],"wp:attachment":[{"href":"https:\/\/blogs.correiobraziliense.com.br\/servidor\/wp-json\/wp\/v2\/media?parent=21367"}],"wp:term":[{"taxonomy":"category","embeddable":true,"href":"https:\/\/blogs.correiobraziliense.com.br\/servidor\/wp-json\/wp\/v2\/categories?post=21367"},{"taxonomy":"post_tag","embeddable":true,"href":"https:\/\/blogs.correiobraziliense.com.br\/servidor\/wp-json\/wp\/v2\/tags?post=21367"}],"curies":[{"name":"wp","href":"https:\/\/api.w.org\/{rel}","templated":true}]}}