{"id":21357,"date":"2024-05-02T17:58:28","date_gmt":"2024-05-02T20:58:28","guid":{"rendered":"https:\/\/blogs.correiobraziliense.com.br\/servidor\/?p=21357"},"modified":"2024-05-02T18:02:03","modified_gmt":"2024-05-02T21:02:03","slug":"camara-legislativa-do-df-faz-homenagem-a-servidores-com-30-anos-de-casa","status":"publish","type":"post","link":"https:\/\/blogs.correiobraziliense.com.br\/servidor\/camara-legislativa-do-df-faz-homenagem-a-servidores-com-30-anos-de-casa\/","title":{"rendered":"C\u00e2mara Legislativa do DF faz homenagem a servidores com 30 anos de casa"},"content":{"rendered":"<p>Sess\u00e3o solene foi feita na CLDF para celebrar as tr\u00eas d\u00e9cadas de trabalho de 181 servidores<\/p>\n<p>A C\u00e2mara Legislativa do Distrito Federal (CLDF) realizou uma homenagem a servidores que completaram \u2014 at\u00e9 dezembro de 2023 \u2014 30 anos de trabalho na casa. Uma sess\u00e3o solene foi realizada para celebrar o marco. Na Casa, existem 181 funcion\u00e1rios p\u00fablicos com tr\u00eas d\u00e9cadas de trabalho.<\/p>\n<p>Segundo o deputado distrital Pastor Daniel de Castro (PP), a trajet\u00f3ria dos servidores refletem na evolu\u00e7\u00e3o da C\u00e2mara do Distrito Federal. \u201cS\u00e3o pessoas que come\u00e7aram a fazer o Poder Legislativo com m\u00e1quinas de escrever, mas que hoje participam da transforma\u00e7\u00e3o para o mundo digital com a informatiza\u00e7\u00e3o de todos os processos legislativos e administrativos da Casa\u201d, afirmou.<\/p>\n<p><strong>Servidor celebra o marco na C\u00e2mara Legislativa do DF<\/strong><\/p>\n<p>Consultor t\u00e9cnico-legislativo, Flor\u00eancio Yukihiro Sinzato foi o primeiro m\u00e9dico do trabalho da CLDF. Ele, que participou da sess\u00e3o em v\u00eddeo, comparou as condi\u00e7\u00f5es atuais de trabalho com as da \u00e9poca em que come\u00e7ou o of\u00edcio na C\u00e2mara Legislativa. \u201cSe eu consegui deixar um legado (foi) o autocuidado que o servidor tenha, n\u00e3o s\u00f3 do ponto de vista m\u00e9dico e f\u00edsico, mas tamb\u00e9m do bem-estar mental, social e da pr\u00e1tica de atividade f\u00edsica\u201d, declarou.<\/p>\n<p>Logo no in\u00edcio da cerim\u00f4nia foi exibido um v\u00eddeo comemorativo em que alguns servidores visitaram a primeira sede do Legislativo distrital. Na pe\u00e7a, Lucimar Oliveira Nascimento, Niedja Maria Freitas da Silva e Inaldo Jos\u00e9 de Oliveira relembram as dificuldades da constru\u00e7\u00e3o de um novo poder, os problemas com estrutura, as alegrias da conviv\u00eancia, as lutas por melhorias para a categoria e as vit\u00f3rias para a sociedade.<\/p>\n","protected":false},"excerpt":{"rendered":"<p>Sess\u00e3o solene foi feita na CLDF para celebrar as tr\u00eas d\u00e9cadas de trabalho de 181 servidores A C\u00e2mara Legislativa do Distrito Federal (CLDF) realizou uma homenagem a servidores que completaram \u2014 at\u00e9 dezembro de 2023 \u2014 30 anos de trabalho na casa. Uma sess\u00e3o solene foi realizada para celebrar o marco. Na Casa, existem 181 funcion\u00e1rios p\u00fablicos com tr\u00eas d\u00e9cadas [&hellip;]<\/p>\n","protected":false},"author":156,"featured_media":0,"comment_status":"open","ping_status":"closed","sticky":false,"template":"","format":"standard","meta":{"footnotes":""},"categories":[2719],"tags":[],"class_list":["post-21357","post","type-post","status-publish","format-standard","hentry","category-servidor"],"_links":{"self":[{"href":"https:\/\/blogs.correiobraziliense.com.br\/servidor\/wp-json\/wp\/v2\/posts\/21357","targetHints":{"allow":["GET"]}}],"collection":[{"href":"https:\/\/blogs.correiobraziliense.com.br\/servidor\/wp-json\/wp\/v2\/posts"}],"about":[{"href":"https:\/\/blogs.correiobraziliense.com.br\/servidor\/wp-json\/wp\/v2\/types\/post"}],"author":[{"embeddable":true,"href":"https:\/\/blogs.correiobraziliense.com.br\/servidor\/wp-json\/wp\/v2\/users\/156"}],"replies":[{"embeddable":true,"href":"https:\/\/blogs.correiobraziliense.com.br\/servidor\/wp-json\/wp\/v2\/comments?post=21357"}],"version-history":[{"count":1,"href":"https:\/\/blogs.correiobraziliense.com.br\/servidor\/wp-json\/wp\/v2\/posts\/21357\/revisions"}],"predecessor-version":[{"id":21358,"href":"https:\/\/blogs.correiobraziliense.com.br\/servidor\/wp-json\/wp\/v2\/posts\/21357\/revisions\/21358"}],"wp:attachment":[{"href":"https:\/\/blogs.correiobraziliense.com.br\/servidor\/wp-json\/wp\/v2\/media?parent=21357"}],"wp:term":[{"taxonomy":"category","embeddable":true,"href":"https:\/\/blogs.correiobraziliense.com.br\/servidor\/wp-json\/wp\/v2\/categories?post=21357"},{"taxonomy":"post_tag","embeddable":true,"href":"https:\/\/blogs.correiobraziliense.com.br\/servidor\/wp-json\/wp\/v2\/tags?post=21357"}],"curies":[{"name":"wp","href":"https:\/\/api.w.org\/{rel}","templated":true}]}}