{"id":21350,"date":"2024-05-01T15:23:53","date_gmt":"2024-05-01T18:23:53","guid":{"rendered":"https:\/\/blogs.correiobraziliense.com.br\/servidor\/?p=21350"},"modified":"2024-05-01T15:23:53","modified_gmt":"2024-05-01T18:23:53","slug":"governo-fixa-o-valor-do-auxilio-alimentacao-a-ser-pago-aos-servidores","status":"publish","type":"post","link":"https:\/\/blogs.correiobraziliense.com.br\/servidor\/governo-fixa-o-valor-do-auxilio-alimentacao-a-ser-pago-aos-servidores\/","title":{"rendered":"Governo fixa o valor do aux\u00edlio-alimenta\u00e7\u00e3o a ser pago aos servidores"},"content":{"rendered":"<p>O Minist\u00e9rio da Gest\u00e3o e da Inova\u00e7\u00e3o em Servi\u00e7os P\u00fablicos (MGI) fixou o valor mensal do aux\u00edlio-alimenta\u00e7\u00e3o a ser pago aos servidores da administra\u00e7\u00e3o p\u00fablica federal, direta, aut\u00e1rquica e fundacional. A medida se d\u00e1 pela <a href=\"https:\/\/www.in.gov.br\/en\/web\/dou\/-\/portaria-mgi-n-2.797-de-29-de-abril-de-2024-557081648\">Portaria N\u00ba 2.797, de 29 de abril de 2024<\/a>, publicada no <em>Di\u00e1rio Oficial da Uni\u00e3o (DOU)<\/em> desta ter\u00e7a-feira (30\/4).<\/p>\n<p>O valor mensal do benef\u00edcio passa a ser de R$ 1 mil em todo o territ\u00f3rio nacional, com efeitos financeiros a partir desta quarta-feira (1\u00ba\/5).<\/p>\n<p>O MGI tamb\u00e9m publicou a <a href=\"https:\/\/www.in.gov.br\/en\/web\/dou\/-\/portaria-mgi-n-2.829-de-29-de-abril-de-2024-557063029\">Portaria N\u00ba 2.829, de 29 de abril de 2024<\/a>, que fixa valor mensal per capita para a participa\u00e7\u00e3o da Uni\u00e3o no curteio da assist\u00eancia \u00e0 sa\u00fade suplementar dos servidores p\u00fablicos.<\/p>\n<p>A medida vale para o Poder Executivo federal, aos militares da Pol\u00edcia Militar e do Corpo de Bombeiros Militar dos extintos territ\u00f3rios federais do Amap\u00e1, de Rond\u00f4nia e de Roraima, na condi\u00e7\u00e3o de ativos ou inativos, seus dependentes e os pensionistas. Veja os valores:<\/p>\n<figure id=\"attachment_21347\" aria-describedby=\"caption-attachment-21347\" style=\"width: 925px\" class=\"wp-caption alignnone\"><a href=\"https:\/\/blogs.correiobraziliense.com.br\/servidor\/wp-content\/uploads\/sites\/10\/2024\/05\/Assist\u00eancia-\u00e0-sa\u00fade.png\"><img loading=\"lazy\" decoding=\"async\" class=\"wp-image-21347 size-full\" src=\"https:\/\/blogs.correiobraziliense.com.br\/servidor\/wp-content\/uploads\/sites\/10\/2024\/05\/Assist\u00eancia-\u00e0-sa\u00fade.png\" alt=\"\" width=\"925\" height=\"435\" srcset=\"https:\/\/blogs.correiobraziliense.com.br\/servidor\/wp-content\/uploads\/sites\/10\/2024\/05\/Assist\u00eancia-\u00e0-sa\u00fade.png 925w, https:\/\/blogs.correiobraziliense.com.br\/servidor\/wp-content\/uploads\/sites\/10\/2024\/05\/Assist\u00eancia-\u00e0-sa\u00fade-300x141.png 300w, https:\/\/blogs.correiobraziliense.com.br\/servidor\/wp-content\/uploads\/sites\/10\/2024\/05\/Assist\u00eancia-\u00e0-sa\u00fade-768x361.png 768w, https:\/\/blogs.correiobraziliense.com.br\/servidor\/wp-content\/uploads\/sites\/10\/2024\/05\/Assist\u00eancia-\u00e0-sa\u00fade-800x376.png 800w, https:\/\/blogs.correiobraziliense.com.br\/servidor\/wp-content\/uploads\/sites\/10\/2024\/05\/Assist\u00eancia-\u00e0-sa\u00fade-550x259.png 550w, https:\/\/blogs.correiobraziliense.com.br\/servidor\/wp-content\/uploads\/sites\/10\/2024\/05\/Assist\u00eancia-\u00e0-sa\u00fade-230x108.png 230w\" sizes=\"auto, (max-width: 925px) 100vw, 925px\" \/><\/a><figcaption id=\"caption-attachment-21347\" class=\"wp-caption-text\"><em>Di\u00e1rio Oficial da Uni\u00e3o &#8211; 30\/04\/2024<\/em><\/figcaption><\/figure>\n<ul>\n<li><strong>Leia tamb\u00e9m:\u00a0<\/strong><a href=\"https:\/\/blogs.correiobraziliense.com.br\/servidor\/governo-publica-portaria-que-fixa-valor-mensal-para-custeio-de-assistencia-a-saude-dos-servidores\/\" rel=\"bookmark\">Governo publica portaria que fixa valor mensal para custeio de assist\u00eancia \u00e0 sa\u00fade dos servidores<\/a><\/li>\n<li><a href=\"https:\/\/blogs.correiobraziliense.com.br\/servidor\/senado-aprova-regras-especiais-para-aposentadoria-de-servidores-com-deficiencia\/\" rel=\"bookmark\">Senado aprova regras especiais para aposentadoria de servidores com defici\u00eancia<\/a><\/li>\n<li><a href=\"https:\/\/blogs.correiobraziliense.com.br\/servidor\/gestao-faz-recomendacao-de-seguranca-aos-servidores-apos-invasao-ao-sistema-do-governo\/\" rel=\"bookmark\">Gest\u00e3o faz recomenda\u00e7\u00e3o de seguran\u00e7a aos servidores ap\u00f3s invas\u00e3o ao sistema do governo<\/a><\/li>\n<\/ul>\n","protected":false},"excerpt":{"rendered":"<p>O Minist\u00e9rio da Gest\u00e3o e da Inova\u00e7\u00e3o em Servi\u00e7os P\u00fablicos (MGI) fixou o valor mensal do aux\u00edlio-alimenta\u00e7\u00e3o a ser pago aos servidores da administra\u00e7\u00e3o p\u00fablica federal, direta, aut\u00e1rquica e fundacional. A medida se d\u00e1 pela Portaria N\u00ba 2.797, de 29 de abril de 2024, publicada no Di\u00e1rio Oficial da Uni\u00e3o (DOU) desta ter\u00e7a-feira (30\/4). O valor mensal do benef\u00edcio passa [&hellip;]<\/p>\n","protected":false},"author":139,"featured_media":21302,"comment_status":"open","ping_status":"closed","sticky":false,"template":"","format":"standard","meta":{"footnotes":""},"categories":[19524,19497,19512],"tags":[11072,98,63,8,58],"class_list":["post-21350","post","type-post","status-publish","format-standard","has-post-thumbnail","hentry","category-governo-federal","category-servico-publico","category-servidores-publicos","tag-auxilio-alimentacao","tag-governo","tag-reajuste","tag-servidor","tag-servidores"],"_links":{"self":[{"href":"https:\/\/blogs.correiobraziliense.com.br\/servidor\/wp-json\/wp\/v2\/posts\/21350","targetHints":{"allow":["GET"]}}],"collection":[{"href":"https:\/\/blogs.correiobraziliense.com.br\/servidor\/wp-json\/wp\/v2\/posts"}],"about":[{"href":"https:\/\/blogs.correiobraziliense.com.br\/servidor\/wp-json\/wp\/v2\/types\/post"}],"author":[{"embeddable":true,"href":"https:\/\/blogs.correiobraziliense.com.br\/servidor\/wp-json\/wp\/v2\/users\/139"}],"replies":[{"embeddable":true,"href":"https:\/\/blogs.correiobraziliense.com.br\/servidor\/wp-json\/wp\/v2\/comments?post=21350"}],"version-history":[{"count":1,"href":"https:\/\/blogs.correiobraziliense.com.br\/servidor\/wp-json\/wp\/v2\/posts\/21350\/revisions"}],"predecessor-version":[{"id":21351,"href":"https:\/\/blogs.correiobraziliense.com.br\/servidor\/wp-json\/wp\/v2\/posts\/21350\/revisions\/21351"}],"wp:featuredmedia":[{"embeddable":true,"href":"https:\/\/blogs.correiobraziliense.com.br\/servidor\/wp-json\/wp\/v2\/media\/21302"}],"wp:attachment":[{"href":"https:\/\/blogs.correiobraziliense.com.br\/servidor\/wp-json\/wp\/v2\/media?parent=21350"}],"wp:term":[{"taxonomy":"category","embeddable":true,"href":"https:\/\/blogs.correiobraziliense.com.br\/servidor\/wp-json\/wp\/v2\/categories?post=21350"},{"taxonomy":"post_tag","embeddable":true,"href":"https:\/\/blogs.correiobraziliense.com.br\/servidor\/wp-json\/wp\/v2\/tags?post=21350"}],"curies":[{"name":"wp","href":"https:\/\/api.w.org\/{rel}","templated":true}]}}