{"id":21344,"date":"2024-04-29T15:14:15","date_gmt":"2024-04-29T18:14:15","guid":{"rendered":"https:\/\/blogs.correiobraziliense.com.br\/servidor\/?p=21344"},"modified":"2024-04-29T15:14:15","modified_gmt":"2024-04-29T18:14:15","slug":"senado-aprova-regras-especiais-para-aposentadoria-de-servidores-com-deficiencia","status":"publish","type":"post","link":"https:\/\/blogs.correiobraziliense.com.br\/servidor\/senado-aprova-regras-especiais-para-aposentadoria-de-servidores-com-deficiencia\/","title":{"rendered":"Senado aprova regras especiais para aposentadoria de servidores com defici\u00eancia"},"content":{"rendered":"<p>A Comiss\u00e3o de Previd\u00eancia, Assist\u00eancia Social, Inf\u00e2ncia, Adolesc\u00eancia e Fam\u00edlia, do Senado Federal, aprovou um projeto de lei que estabelece regras espec\u00edficas para a aposentadoria de servidores p\u00fablicos com defici\u00eancia.<\/p>\n<p>Foi aprovado o substitutivo da relatora, deputada Laura Carneiro (PSD-RJ), para o\u00a0Projeto de Lei Complementar 454\/14, do Senado. O texto define novos crit\u00e9rios de idade m\u00ednima, de tempo de contribui\u00e7\u00e3o e para o c\u00e1lculo da aposentadoria, e prev\u00ea uma avalia\u00e7\u00e3o biopsicossocial por equipe multiprofissional para definir os graus de defici\u00eancia (grave, moderada e leve) do servidor.<\/p>\n<p>O texto prev\u00ea a aposentadoria aos servidores com defici\u00eancia que comprovarem, no m\u00ednimo, 10 anos de trabalho no servi\u00e7o p\u00fablico e cinco anos no cargo em que se dar\u00e1 o afastamento, seguindo as condi\u00e7\u00f5es:<\/p>\n<ul>\n<li>Pessoa com defici\u00eancia grave, aos 25 anos de contribui\u00e7\u00e3o e 55 anos de idade, se homem, e, respectivamente, 20 anos e 50 anos, se mulher;<\/li>\n<li>Pessoa com defici\u00eancia moderada, aos 29 anos de contribui\u00e7\u00e3o e 57 anos de idade, se homem, e, respectivamente, 24 \u00a0anos e 52 anos, se mulher;<\/li>\n<li>Pessoa com defici\u00eancia leve, aos 33 anos de contribui\u00e7\u00e3o e 60 anos de idade, se homem, e, respectivamente, 28 anos e 55 anos, se mulher; e<\/li>\n<li>Independente do grau de defici\u00eancia, aos 60 anos de idade, se homem, e 55 anos de idade, se mulher, desde que possua, pelo menos, 15 anos de contribui\u00e7\u00e3o com comprovada defici\u00eancia no per\u00edodo.<\/li>\n<\/ul>\n<p>As regras aprovadas valem para servidores p\u00fablicos da Uni\u00e3o, a ju\u00edzes federais e para membros da Defensoria P\u00fablica, do Tribunal de Contas da Uni\u00e3o (TCU) e do Minist\u00e9rio P\u00fablico da Uni\u00e3o (MPU).<\/p>\n<p>O texto considera como servidor p\u00fablico com defici\u00eancia aqueles que ocupam cargo efetivo na administra\u00e7\u00e3o p\u00fablica federal e possui impedimentos f\u00edsicos, mentais, intelectuais ou sensoriais de longo prazo, que dificultem a plena participa\u00e7\u00e3o na sociedade.<\/p>\n<p>O projeto ser\u00e1 analisado pelas comiss\u00f5es de Finan\u00e7as e Tributa\u00e7\u00e3o; e de Constitui\u00e7\u00e3o e Justi\u00e7a e de Cidadania. Depois, seguir\u00e1 para discuss\u00e3o e vota\u00e7\u00e3o no Plen\u00e1rio da C\u00e2mara.<\/p>\n<p><em>Com informa\u00e7\u00f5es da Ag\u00eancia C\u00e2mara de Not\u00edcias<\/em><\/p>\n<ul>\n<li><strong>Leia tamb\u00e9m:\u00a0<\/strong><a href=\"https:\/\/blogs.correiobraziliense.com.br\/servidor\/gestao-faz-recomendacao-de-seguranca-aos-servidores-apos-invasao-ao-sistema-do-governo\/\" rel=\"bookmark\">Gest\u00e3o faz recomenda\u00e7\u00e3o de seguran\u00e7a aos servidores ap\u00f3s invas\u00e3o ao sistema do governo<\/a><\/li>\n<li><a href=\"https:\/\/blogs.correiobraziliense.com.br\/servidor\/inmetro-lanca-programa-de-capacitacao-com-cursos-para-servidores-e-colaboradores\/\" rel=\"bookmark\">Inmetro lan\u00e7a programa de capacita\u00e7\u00e3o com cursos para servidores e colaboradores<\/a><\/li>\n<li><a href=\"https:\/\/blogs.correiobraziliense.com.br\/servidor\/servidores-preparam-semana-de-mobilizacao-para-pedir-reajuste\/\" rel=\"bookmark\">Servidores preparam semana de mobiliza\u00e7\u00e3o para pedir reajuste<\/a><\/li>\n<\/ul>\n","protected":false},"excerpt":{"rendered":"<p>A Comiss\u00e3o de Previd\u00eancia, Assist\u00eancia Social, Inf\u00e2ncia, Adolesc\u00eancia e Fam\u00edlia, do Senado Federal, aprovou um projeto de lei que estabelece regras espec\u00edficas para a aposentadoria de servidores p\u00fablicos com defici\u00eancia. Foi aprovado o substitutivo da relatora, deputada Laura Carneiro (PSD-RJ), para o\u00a0Projeto de Lei Complementar 454\/14, do Senado. O texto define novos crit\u00e9rios de idade m\u00ednima, de tempo de contribui\u00e7\u00e3o [&hellip;]<\/p>\n","protected":false},"author":139,"featured_media":21206,"comment_status":"open","ping_status":"closed","sticky":false,"template":"","format":"standard","meta":{"footnotes":""},"categories":[19524,19497,19512],"tags":[6,98,15312,696,58,1579],"class_list":["post-21344","post","type-post","status-publish","format-standard","has-post-thumbnail","hentry","category-governo-federal","category-servico-publico","category-servidores-publicos","tag-aposentadoria","tag-governo","tag-pessoas-com-deficiencia","tag-senado","tag-servidores","tag-servidores-publicos"],"_links":{"self":[{"href":"https:\/\/blogs.correiobraziliense.com.br\/servidor\/wp-json\/wp\/v2\/posts\/21344","targetHints":{"allow":["GET"]}}],"collection":[{"href":"https:\/\/blogs.correiobraziliense.com.br\/servidor\/wp-json\/wp\/v2\/posts"}],"about":[{"href":"https:\/\/blogs.correiobraziliense.com.br\/servidor\/wp-json\/wp\/v2\/types\/post"}],"author":[{"embeddable":true,"href":"https:\/\/blogs.correiobraziliense.com.br\/servidor\/wp-json\/wp\/v2\/users\/139"}],"replies":[{"embeddable":true,"href":"https:\/\/blogs.correiobraziliense.com.br\/servidor\/wp-json\/wp\/v2\/comments?post=21344"}],"version-history":[{"count":1,"href":"https:\/\/blogs.correiobraziliense.com.br\/servidor\/wp-json\/wp\/v2\/posts\/21344\/revisions"}],"predecessor-version":[{"id":21345,"href":"https:\/\/blogs.correiobraziliense.com.br\/servidor\/wp-json\/wp\/v2\/posts\/21344\/revisions\/21345"}],"wp:featuredmedia":[{"embeddable":true,"href":"https:\/\/blogs.correiobraziliense.com.br\/servidor\/wp-json\/wp\/v2\/media\/21206"}],"wp:attachment":[{"href":"https:\/\/blogs.correiobraziliense.com.br\/servidor\/wp-json\/wp\/v2\/media?parent=21344"}],"wp:term":[{"taxonomy":"category","embeddable":true,"href":"https:\/\/blogs.correiobraziliense.com.br\/servidor\/wp-json\/wp\/v2\/categories?post=21344"},{"taxonomy":"post_tag","embeddable":true,"href":"https:\/\/blogs.correiobraziliense.com.br\/servidor\/wp-json\/wp\/v2\/tags?post=21344"}],"curies":[{"name":"wp","href":"https:\/\/api.w.org\/{rel}","templated":true}]}}