{"id":21341,"date":"2024-04-23T09:09:36","date_gmt":"2024-04-23T12:09:36","guid":{"rendered":"https:\/\/blogs.correiobraziliense.com.br\/servidor\/?p=21341"},"modified":"2024-04-23T09:09:36","modified_gmt":"2024-04-23T12:09:36","slug":"gestao-faz-recomendacao-de-seguranca-aos-servidores-apos-invasao-ao-sistema-do-governo","status":"publish","type":"post","link":"https:\/\/blogs.correiobraziliense.com.br\/servidor\/gestao-faz-recomendacao-de-seguranca-aos-servidores-apos-invasao-ao-sistema-do-governo\/","title":{"rendered":"Gest\u00e3o faz recomenda\u00e7\u00e3o de seguran\u00e7a aos servidores ap\u00f3s invas\u00e3o ao sistema do governo"},"content":{"rendered":"<p>O Minist\u00e9rio da Gest\u00e3o e da Inova\u00e7\u00e3o em Servi\u00e7os P\u00fablicos (MGI) divulgou, nesta segunda-feira (22\/4), algumas recomenda\u00e7\u00f5es de seguran\u00e7a ap\u00f3s criminosos conseguirem acessar o Sistema Integrado de Administra\u00e7\u00e3o Financeira (Siafi), usado pelo Tesouro Nacional para fazer o processamento patrimonial, cont\u00e1bil e execu\u00e7\u00e3o financeira do governo federal.<\/p>\n<p>O \u00f3rg\u00e3o recomenda aos usu\u00e1rios que utilizem as ferramentas de seguran\u00e7a dispon\u00edveis no GOV.BR, que incluem a valida\u00e7\u00e3o em duas etapas e a gest\u00e3o de dispositivos, que protegem a conta. Os usu\u00e1rios tamb\u00e9m podem utilizar os canais oficiais da pasta para tirar d\u00favidas, por meio do site gov.br\/atendimento.<\/p>\n<p>A suspeita \u00e9 que tenham ocorrido desvios de recursos para contas particulares, usando ordens de pagamento. A Pol\u00edcia Federal est\u00e1 investigando o caso.<\/p>\n<p>Nesta segunda, o ministro da Fazenda, Fernando Haddad, informou que o sistema n\u00e3o foi comprometido, mas ainda n\u00e3o h\u00e1 detalhes sobre o caso. &#8220;A informa\u00e7\u00e3o que eu tenho \u00e9 parcial, de que o problema n\u00e3o \u00e9 do Siafi, n\u00e3o \u00e9 do sistema. Provavelmente, foi de autentica\u00e7\u00e3o de acesso. Isso est\u00e1 sendo apurado, como algu\u00e9m teve acesso tendo sido autenticado. N\u00e3o foi a a\u00e7\u00e3o de um hacker que quebrou a seguran\u00e7a. \u00c9 isso que a PF est\u00e1 apurando e est\u00e1 rastreando para chegar aos respons\u00e1veis&#8221;, disse.<\/p>\n<p>J\u00e1 o Tesouro Nacional informou, por meio de nota, que o caso n\u00e3o se trata de uma invas\u00e3o, mesmo havendo um acesso indevido ao sistema. &#8220;O epis\u00f3dio n\u00e3o configura uma invas\u00e3o, mas, sim, uma utiliza\u00e7\u00e3o indevida de credenciais obtidas de modo irregular. As tentativas de realizar opera\u00e7\u00f5es na plataforma foram identificadas e n\u00e3o causaram preju\u00edzos \u00e0 integridade do sistema&#8221;, ressaltou o \u00f3rg\u00e3o. &#8220;Todas as medidas necess\u00e1rias v\u00eam sendo tomadas pela STN em resposta ao caso, incluindo a implementa\u00e7\u00e3o de a\u00e7\u00f5es adicionais para refor\u00e7ar a seguran\u00e7a do sistema.&#8221;<\/p>\n<p>O Minist\u00e9rio da Gest\u00e3o tamb\u00e9m afirma que o epis\u00f3dio n\u00e3o se trata de uma falha de seguran\u00e7a no GOV.BR, &#8220;mas sim uma utiliza\u00e7\u00e3o indevida de credenciais obtidas de modo irregular, que j\u00e1 est\u00e1 sendo investigada pelos \u00f3rg\u00e3os competentes.&#8221;<\/p>\n<ul>\n<li><strong>Leia tamb\u00e9m:<\/strong>\u00a0<a href=\"https:\/\/blogs.correiobraziliense.com.br\/servidor\/inmetro-lanca-programa-de-capacitacao-com-cursos-para-servidores-e-colaboradores\/\" rel=\"bookmark\">Inmetro lan\u00e7a programa de capacita\u00e7\u00e3o com cursos para servidores e colaboradores<\/a><\/li>\n<li><a href=\"https:\/\/blogs.correiobraziliense.com.br\/servidor\/servidores-preparam-semana-de-mobilizacao-para-pedir-reajuste\/\" rel=\"bookmark\">Servidores preparam semana de mobiliza\u00e7\u00e3o para pedir reajuste<\/a><\/li>\n<li><a href=\"https:\/\/blogs.correiobraziliense.com.br\/servidor\/tse-deve-treinar-juizes-no-enfrentamento-a-desinformacao-nas-eleicoes\/\" rel=\"bookmark\">TSE deve treinar ju\u00edzes no enfrentamento \u00e0 desinforma\u00e7\u00e3o nas elei\u00e7\u00f5es<\/a><\/li>\n<\/ul>\n","protected":false},"excerpt":{"rendered":"<p>O Minist\u00e9rio da Gest\u00e3o e da Inova\u00e7\u00e3o em Servi\u00e7os P\u00fablicos (MGI) divulgou, nesta segunda-feira (22\/4), algumas recomenda\u00e7\u00f5es de seguran\u00e7a ap\u00f3s criminosos conseguirem acessar o Sistema Integrado de Administra\u00e7\u00e3o Financeira (Siafi), usado pelo Tesouro Nacional para fazer o processamento patrimonial, cont\u00e1bil e execu\u00e7\u00e3o financeira do governo federal. O \u00f3rg\u00e3o recomenda aos usu\u00e1rios que utilizem as ferramentas de seguran\u00e7a dispon\u00edveis no GOV.BR, [&hellip;]<\/p>\n","protected":false},"author":139,"featured_media":21342,"comment_status":"open","ping_status":"closed","sticky":false,"template":"","format":"standard","meta":{"footnotes":""},"categories":[19524,19512],"tags":[167,98,104,208,58,961],"class_list":["post-21341","post","type-post","status-publish","format-standard","has-post-thumbnail","hentry","category-governo-federal","category-servidores-publicos","tag-dados","tag-governo","tag-policia-federal","tag-seguranca","tag-servidores","tag-sistema"],"_links":{"self":[{"href":"https:\/\/blogs.correiobraziliense.com.br\/servidor\/wp-json\/wp\/v2\/posts\/21341","targetHints":{"allow":["GET"]}}],"collection":[{"href":"https:\/\/blogs.correiobraziliense.com.br\/servidor\/wp-json\/wp\/v2\/posts"}],"about":[{"href":"https:\/\/blogs.correiobraziliense.com.br\/servidor\/wp-json\/wp\/v2\/types\/post"}],"author":[{"embeddable":true,"href":"https:\/\/blogs.correiobraziliense.com.br\/servidor\/wp-json\/wp\/v2\/users\/139"}],"replies":[{"embeddable":true,"href":"https:\/\/blogs.correiobraziliense.com.br\/servidor\/wp-json\/wp\/v2\/comments?post=21341"}],"version-history":[{"count":1,"href":"https:\/\/blogs.correiobraziliense.com.br\/servidor\/wp-json\/wp\/v2\/posts\/21341\/revisions"}],"predecessor-version":[{"id":21343,"href":"https:\/\/blogs.correiobraziliense.com.br\/servidor\/wp-json\/wp\/v2\/posts\/21341\/revisions\/21343"}],"wp:featuredmedia":[{"embeddable":true,"href":"https:\/\/blogs.correiobraziliense.com.br\/servidor\/wp-json\/wp\/v2\/media\/21342"}],"wp:attachment":[{"href":"https:\/\/blogs.correiobraziliense.com.br\/servidor\/wp-json\/wp\/v2\/media?parent=21341"}],"wp:term":[{"taxonomy":"category","embeddable":true,"href":"https:\/\/blogs.correiobraziliense.com.br\/servidor\/wp-json\/wp\/v2\/categories?post=21341"},{"taxonomy":"post_tag","embeddable":true,"href":"https:\/\/blogs.correiobraziliense.com.br\/servidor\/wp-json\/wp\/v2\/tags?post=21341"}],"curies":[{"name":"wp","href":"https:\/\/api.w.org\/{rel}","templated":true}]}}