{"id":21338,"date":"2024-04-19T12:11:06","date_gmt":"2024-04-19T15:11:06","guid":{"rendered":"https:\/\/blogs.correiobraziliense.com.br\/servidor\/?p=21338"},"modified":"2024-04-19T12:11:06","modified_gmt":"2024-04-19T15:11:06","slug":"inmetro-lanca-programa-de-capacitacao-com-cursos-para-servidores-e-colaboradores","status":"publish","type":"post","link":"https:\/\/blogs.correiobraziliense.com.br\/servidor\/inmetro-lanca-programa-de-capacitacao-com-cursos-para-servidores-e-colaboradores\/","title":{"rendered":"Inmetro lan\u00e7a programa de capacita\u00e7\u00e3o com cursos para servidores e colaboradores"},"content":{"rendered":"<p>O Instituto Nacional de Metrologia, Qualidade e Tecnologia (Inmetro) lan\u00e7ou o Programa Nacional de Capacita\u00e7\u00e3o em Infraestrutura da Qualidade (Pronac), destinado a suprir a necessidade do ensino e desenvolvimento cient\u00edfico e tecnol\u00f3gico em metrologia legal, infraestrutura da qualidade e \u00e1reas afins.<\/p>\n<p>O Pronac tem como objetivo formar profissionais e t\u00e9cnicos, junto ao Inmetro e os \u00f3rg\u00e3os delegados do Instituto em todo o Brasil, al\u00e9m de planejar e executar cursos nas modalidades presencial, \u00e0 dist\u00e2ncia ou h\u00edbrida.<\/p>\n<p>O programa foi institu\u00eddo por meio da Portaria n\u00ba 182, publicada no <em>Di\u00e1rio Oficial da Uni\u00e3o (DOU)<\/em> desta quinta-feira (18\/4). A medida tamb\u00e9m fixa as diretrizes b\u00e1sicas de operacionaliza\u00e7\u00e3o da capacita\u00e7\u00e3o da Rede Brasileira de Metrologia Legal e Qualidade (RBMLQ-I).<\/p>\n<p>Os interessados poder\u00e3o participar dos cursos ofertados pelo Instituto, que incluem: Introdu\u00e7\u00e3o \u00e0 Linguagem Simples; Forma\u00e7\u00e3o de Agentes em Metrologia Legal; Entendendo a Infraestrutura da Qualidade; Avalia\u00e7\u00e3o do Impacto Regulat\u00f3rio; Programa de \u00c9tica e Integridade; e Verifica\u00e7\u00e3o e Fiscaliza\u00e7\u00e3o de Produtos Espec\u00edficos, como: Verifica\u00e7\u00e3o Metrol\u00f3gica de Medidores de Unidade de Gr\u00e3os, Verifica\u00e7\u00e3o Metrol\u00f3gica de Etil\u00f4metro, Verifica\u00e7\u00e3o de Esfignoman\u00f4metro, e Fiscaliza\u00e7\u00e3o de Colch\u00f5es.<\/p>\n<p>O programa contempla servidores, colaboradores e bolsistas. Ao todos, s\u00e3o oferecidas 700 vagas pelo Inmetro, e cada curso apresenta uma modalidade de participa\u00e7\u00e3o diferente.<\/p>\n<p>O presidente do Inmetro, M\u00e1rcio Andr\u00e9 Brito, destaca que capacitar a RBMLQ-I \u00e9 importante, pois \u00e9 um bra\u00e7o executivo do Instituto em todo o pa\u00eds. &#8220;Com essa iniciativa, o Inmetro vai atuar de forma mais efetiva na forma\u00e7\u00e3o e aperfei\u00e7oamento de recursos humanos que atuam na linha de frente dos \u00f3rg\u00e3os delegados dos estados da federa\u00e7\u00e3o e nas superintend\u00eancias do Instituto, em prol do fortalecimento da fiscaliza\u00e7\u00e3o e do controle das atividades materiais e acess\u00f3rias, da metrologia legal e da avalia\u00e7\u00e3o da conformidade&#8221;.<\/p>\n<p>Brito ressalta, ainda, que atrav\u00e9s da medida, o \u00f3rg\u00e3o atender\u00e1 outra preocupa\u00e7\u00e3o, que \u00e9 aperfei\u00e7oar a capacidade de apoiar as empresas brasileiras e o setor produtivo, por meio dos \u00f3rg\u00e3os delegados da RBMLQ-I, a fim de responder aos desafios do pa\u00eds.<\/p>\n<p>&#8220;Consideramos tamb\u00e9m, atrav\u00e9s da institui\u00e7\u00e3o desta portaria, a capacidade do Inmetro em promover a\u00e7\u00f5es de desenvolvimento regional com o apoio da sua Infraestrutura da Qualidade, favorecendo os 26 \u00f3rg\u00e3os que comp\u00f5em a RBMLQ-I em todo o Brasil, para que possuam o mesmo n\u00edvel qualificado de desenvolvimento dos servi\u00e7os, para que o trabalho fim do Inmetro seja executado com o devido compromisso com a imparcialidade e os requisitos t\u00e9cnicos e legais e com a promo\u00e7\u00e3o do desenvolvimento sustent\u00e1vel no pa\u00eds&#8221;, finalizou.<\/p>\n<ul>\n<li><strong>Leia tamb\u00e9m:\u00a0<\/strong><a href=\"https:\/\/blogs.correiobraziliense.com.br\/servidor\/servidores-preparam-semana-de-mobilizacao-para-pedir-reajuste\/\" rel=\"bookmark\">Servidores preparam semana de mobiliza\u00e7\u00e3o para pedir reajuste<\/a><\/li>\n<li><a href=\"https:\/\/blogs.correiobraziliense.com.br\/servidor\/comissao-no-senado-debate-negociacao-coletiva-para-servidores-publicos\/\" rel=\"bookmark\">Comiss\u00e3o no Senado debate negocia\u00e7\u00e3o coletiva para servidores p\u00fablicos<\/a><\/li>\n<li><a href=\"https:\/\/blogs.correiobraziliense.com.br\/servidor\/tse-deve-treinar-juizes-no-enfrentamento-a-desinformacao-nas-eleicoes\/\" rel=\"bookmark\">TSE deve treinar ju\u00edzes no enfrentamento \u00e0 desinforma\u00e7\u00e3o nas elei\u00e7\u00f5es<\/a><\/li>\n<\/ul>\n","protected":false},"excerpt":{"rendered":"<p>O Instituto Nacional de Metrologia, Qualidade e Tecnologia (Inmetro) lan\u00e7ou o Programa Nacional de Capacita\u00e7\u00e3o em Infraestrutura da Qualidade (Pronac), destinado a suprir a necessidade do ensino e desenvolvimento cient\u00edfico e tecnol\u00f3gico em metrologia legal, infraestrutura da qualidade e \u00e1reas afins. O Pronac tem como objetivo formar profissionais e t\u00e9cnicos, junto ao Inmetro e os \u00f3rg\u00e3os delegados do Instituto em [&hellip;]<\/p>\n","protected":false},"author":139,"featured_media":21339,"comment_status":"open","ping_status":"closed","sticky":false,"template":"","format":"standard","meta":{"footnotes":""},"categories":[19521,19499,19524,19512],"tags":[1450,98,485,19533,58],"class_list":["post-21338","post","type-post","status-publish","format-standard","has-post-thumbnail","hentry","category-curso","category-educacao","category-governo-federal","category-servidores-publicos","tag-cursos","tag-governo","tag-inmetro","tag-programa-de-capacitacao","tag-servidores"],"_links":{"self":[{"href":"https:\/\/blogs.correiobraziliense.com.br\/servidor\/wp-json\/wp\/v2\/posts\/21338","targetHints":{"allow":["GET"]}}],"collection":[{"href":"https:\/\/blogs.correiobraziliense.com.br\/servidor\/wp-json\/wp\/v2\/posts"}],"about":[{"href":"https:\/\/blogs.correiobraziliense.com.br\/servidor\/wp-json\/wp\/v2\/types\/post"}],"author":[{"embeddable":true,"href":"https:\/\/blogs.correiobraziliense.com.br\/servidor\/wp-json\/wp\/v2\/users\/139"}],"replies":[{"embeddable":true,"href":"https:\/\/blogs.correiobraziliense.com.br\/servidor\/wp-json\/wp\/v2\/comments?post=21338"}],"version-history":[{"count":1,"href":"https:\/\/blogs.correiobraziliense.com.br\/servidor\/wp-json\/wp\/v2\/posts\/21338\/revisions"}],"predecessor-version":[{"id":21340,"href":"https:\/\/blogs.correiobraziliense.com.br\/servidor\/wp-json\/wp\/v2\/posts\/21338\/revisions\/21340"}],"wp:featuredmedia":[{"embeddable":true,"href":"https:\/\/blogs.correiobraziliense.com.br\/servidor\/wp-json\/wp\/v2\/media\/21339"}],"wp:attachment":[{"href":"https:\/\/blogs.correiobraziliense.com.br\/servidor\/wp-json\/wp\/v2\/media?parent=21338"}],"wp:term":[{"taxonomy":"category","embeddable":true,"href":"https:\/\/blogs.correiobraziliense.com.br\/servidor\/wp-json\/wp\/v2\/categories?post=21338"},{"taxonomy":"post_tag","embeddable":true,"href":"https:\/\/blogs.correiobraziliense.com.br\/servidor\/wp-json\/wp\/v2\/tags?post=21338"}],"curies":[{"name":"wp","href":"https:\/\/api.w.org\/{rel}","templated":true}]}}