{"id":21336,"date":"2024-04-16T11:55:15","date_gmt":"2024-04-16T14:55:15","guid":{"rendered":"https:\/\/blogs.correiobraziliense.com.br\/servidor\/?p=21336"},"modified":"2024-04-16T11:55:15","modified_gmt":"2024-04-16T14:55:15","slug":"camara-debate-greve-de-servidores-de-universidades-federais-nesta-terca-16","status":"publish","type":"post","link":"https:\/\/blogs.correiobraziliense.com.br\/servidor\/camara-debate-greve-de-servidores-de-universidades-federais-nesta-terca-16\/","title":{"rendered":"C\u00e2mara debate greve de servidores de universidades federais nesta ter\u00e7a (16)"},"content":{"rendered":"<p>A greve dos servidores t\u00e9cnico-administrativos de universidades e institutos federais ser\u00e1 tema de debate pela Comiss\u00e3o de Administra\u00e7\u00e3o e Servi\u00e7o P\u00fablico da C\u00e2mara dos Deputados, nesta ter\u00e7a-feira (16\/4).<\/p>\n<p>A audi\u00eancia foi proposta pela deputada S\u00e2mia Bomfim (Psol-SP). Ela ressalta que, at\u00e9 esta semana, mais de 30 universidades e institutos j\u00e1 tinham aderido \u00e0 paralisa\u00e7\u00e3o, enquanto outras 50 institui\u00e7\u00f5es analisam entrar em greve.<\/p>\n<p>&#8220;H\u00e1 um motivo centralizador para a mobiliza\u00e7\u00e3o desses servidores: a necessidade urgente da reposi\u00e7\u00e3o de perdas salariais&#8221;, afirma a deputada. No entanto, ela reconhece outros motivos para a paralisa\u00e7\u00e3o, que incluem: a precariza\u00e7\u00e3o das condi\u00e7\u00f5es de trabalho, o subfinanciamento dessas institui\u00e7\u00f5es e a falta de resposta do governo \u00e0s demandas apresentadas.<\/p>\n<p>S\u00e2mia cita um estudo do Departamento Intersindical de Estat\u00edstica e Estudos Socioecon\u00f4micos (Dieese), que aponta que 100% das universidades federais receberam, entre 2010 e 2022, valores inferiores ao necess\u00e1rio para manter o patamar de despesas por matr\u00edculas.<\/p>\n<p>Os servidores da rede federal de ensino iniciaram uma greve geral nesta segunda-feira (15\/4). A paralisa\u00e7\u00e3o inclui t\u00e9cnicos e professores de todas as institui\u00e7\u00f5es de ensino da Uni\u00e3o: escolas, institutos e universidades federais. A Universidade de Bras\u00edlia (UnB) est\u00e1 entre as afetadas.<\/p>\n<p>Os professores pedem reajuste de 22,71%, dividido em tr\u00eas parcelas igual de 7,06% a serem pagas em 2024, 2025 e 2026. Mais de 200 mil servidores j\u00e1 aderiram \u00e0 paralisa\u00e7\u00e3o.<\/p>\n<p><em>Com informa\u00e7\u00f5es da Ag\u00eancia C\u00e2mara de Not\u00edcias<\/em><\/p>\n<ul>\n<li><strong>Leia tamb\u00e9m:<\/strong>\u00a0<a href=\"https:\/\/blogs.correiobraziliense.com.br\/servidor\/servidores-preparam-semana-de-mobilizacao-para-pedir-reajuste\/\" rel=\"bookmark\">Servidores preparam semana de mobiliza\u00e7\u00e3o para pedir reajuste<\/a><\/li>\n<li><a href=\"https:\/\/blogs.correiobraziliense.com.br\/servidor\/comissao-no-senado-debate-negociacao-coletiva-para-servidores-publicos\/\" rel=\"bookmark\">Comiss\u00e3o no Senado debate negocia\u00e7\u00e3o coletiva para servidores p\u00fablicos<\/a><\/li>\n<li><a href=\"https:\/\/blogs.correiobraziliense.com.br\/servidor\/tse-deve-treinar-juizes-no-enfrentamento-a-desinformacao-nas-eleicoes\/\" rel=\"bookmark\">TSE deve treinar ju\u00edzes no enfrentamento \u00e0 desinforma\u00e7\u00e3o nas elei\u00e7\u00f5es<\/a><\/li>\n<\/ul>\n","protected":false},"excerpt":{"rendered":"<p>A greve dos servidores t\u00e9cnico-administrativos de universidades e institutos federais ser\u00e1 tema de debate pela Comiss\u00e3o de Administra\u00e7\u00e3o e Servi\u00e7o P\u00fablico da C\u00e2mara dos Deputados, nesta ter\u00e7a-feira (16\/4). A audi\u00eancia foi proposta pela deputada S\u00e2mia Bomfim (Psol-SP). Ela ressalta que, at\u00e9 esta semana, mais de 30 universidades e institutos j\u00e1 tinham aderido \u00e0 paralisa\u00e7\u00e3o, enquanto outras 50 institui\u00e7\u00f5es analisam entrar [&hellip;]<\/p>\n","protected":false},"author":139,"featured_media":14311,"comment_status":"open","ping_status":"closed","sticky":false,"template":"","format":"standard","meta":{"footnotes":""},"categories":[19524,19517,19497,19512],"tags":[61,48,98,15,63,30,58,330],"class_list":["post-21336","post","type-post","status-publish","format-standard","has-post-thumbnail","hentry","category-governo-federal","category-reajuste-salarial","category-servico-publico","category-servidores-publicos","tag-camara","tag-educacao","tag-governo","tag-greve","tag-reajuste","tag-salarios","tag-servidores","tag-uniao"],"_links":{"self":[{"href":"https:\/\/blogs.correiobraziliense.com.br\/servidor\/wp-json\/wp\/v2\/posts\/21336","targetHints":{"allow":["GET"]}}],"collection":[{"href":"https:\/\/blogs.correiobraziliense.com.br\/servidor\/wp-json\/wp\/v2\/posts"}],"about":[{"href":"https:\/\/blogs.correiobraziliense.com.br\/servidor\/wp-json\/wp\/v2\/types\/post"}],"author":[{"embeddable":true,"href":"https:\/\/blogs.correiobraziliense.com.br\/servidor\/wp-json\/wp\/v2\/users\/139"}],"replies":[{"embeddable":true,"href":"https:\/\/blogs.correiobraziliense.com.br\/servidor\/wp-json\/wp\/v2\/comments?post=21336"}],"version-history":[{"count":1,"href":"https:\/\/blogs.correiobraziliense.com.br\/servidor\/wp-json\/wp\/v2\/posts\/21336\/revisions"}],"predecessor-version":[{"id":21337,"href":"https:\/\/blogs.correiobraziliense.com.br\/servidor\/wp-json\/wp\/v2\/posts\/21336\/revisions\/21337"}],"wp:featuredmedia":[{"embeddable":true,"href":"https:\/\/blogs.correiobraziliense.com.br\/servidor\/wp-json\/wp\/v2\/media\/14311"}],"wp:attachment":[{"href":"https:\/\/blogs.correiobraziliense.com.br\/servidor\/wp-json\/wp\/v2\/media?parent=21336"}],"wp:term":[{"taxonomy":"category","embeddable":true,"href":"https:\/\/blogs.correiobraziliense.com.br\/servidor\/wp-json\/wp\/v2\/categories?post=21336"},{"taxonomy":"post_tag","embeddable":true,"href":"https:\/\/blogs.correiobraziliense.com.br\/servidor\/wp-json\/wp\/v2\/tags?post=21336"}],"curies":[{"name":"wp","href":"https:\/\/api.w.org\/{rel}","templated":true}]}}