{"id":21334,"date":"2024-04-15T12:21:55","date_gmt":"2024-04-15T15:21:55","guid":{"rendered":"https:\/\/blogs.correiobraziliense.com.br\/servidor\/?p=21334"},"modified":"2024-04-15T12:21:55","modified_gmt":"2024-04-15T15:21:55","slug":"servidores-preparam-semana-de-mobilizacao-para-pedir-reajuste","status":"publish","type":"post","link":"https:\/\/blogs.correiobraziliense.com.br\/servidor\/servidores-preparam-semana-de-mobilizacao-para-pedir-reajuste\/","title":{"rendered":"Servidores preparam semana de mobiliza\u00e7\u00e3o para pedir reajuste"},"content":{"rendered":"<p>Os servidores p\u00fablicos federais far\u00e3o uma manifesta\u00e7\u00e3o entre esta ter\u00e7a e quinta-feira (16 a 18\/4) para pedir pelo reajuste salarial. A a\u00e7\u00e3o, que conta com o apoio do F\u00f3rum das Entidades Nacionais dos Servidores P\u00fablicos Federais (Fonasefe), ocorrer\u00e1 em Bras\u00edlia.<\/p>\n<p>Para o primeiro dia, est\u00e1 marcada uma audi\u00eancia p\u00fablica para debater as mobiliza\u00e7\u00f5es e paralisa\u00e7\u00f5es dos servidores t\u00e9cnico-administrativos de universidades e institutos federais. A audi\u00eancia ocorrer\u00e1 na C\u00e2mara dos Deputados, \u00e0s 16h.<\/p>\n<p>Em 17 de abril, a partir das 9h, os servidores federais far\u00e3o uma marcha com caravanas saindo de diversos estados do Brasil. O encontro ocorrer\u00e1 na Catedral de Bras\u00edlia e a caminhada ser\u00e1 em dire\u00e7\u00e3o ao Minist\u00e9rio da Gest\u00e3o, na Esplanada dos Minist\u00e9rios.<\/p>\n<p>No \u00faltimo dia, as categorias far\u00e3o atividades setoriais e de mobiliza\u00e7\u00e3o espec\u00edficas pela reestrutura\u00e7\u00e3o das carreiras dos servidores.<\/p>\n<h3>Posicionamento do governo<\/h3>\n<p>Na \u00faltima quinta-feira (11\/4), a ministra da Gest\u00e3o, Esther Dweck, disse n\u00e3o haver espa\u00e7o no or\u00e7amento federal para conceder reajuste salarial neste ano. O funcionalismo p\u00fablico demanda aumento salarial de pelo menos 22,71%, divididos em parcelas que iniciariam a partir de 2024.<\/p>\n<p>J\u00e1 o governo colocou \u00e0 mesa a proposta de reajustar em at\u00e9 19% os sal\u00e1rios at\u00e9 o fim do governo, mas em parcelas, uma no ano passado (9%) e 4,5% em cada ano do no bi\u00eanio 2025\/26.<\/p>\n<h3>Categorias em greve<\/h3>\n<p>Nesta segunda-feira (15\/4), servidores da rede federal de ensino iniciaram uma greve geral. A paralisa\u00e7\u00e3o inclui t\u00e9cnicos e professores de todas as institui\u00e7\u00f5es de ensino da Uni\u00e3o: escolas, institutos e universidades federais. A Universidade de Bras\u00edlia (UnB) est\u00e1 entre as afetadas.<\/p>\n<p>Os professores pedem reajuste de 22,71%, dividido em tr\u00eas parcelas igual de 7,06% a serem pagas em 2024, 2025 e 2026. Mais de 200 mil servidores j\u00e1 adediram \u00e0 paralisa\u00e7\u00e3o.<\/p>\n<ul>\n<li><a href=\"https:\/\/blogs.correiobraziliense.com.br\/servidor\/comissao-no-senado-debate-negociacao-coletiva-para-servidores-publicos\/\" rel=\"bookmark\">Comiss\u00e3o no Senado debate negocia\u00e7\u00e3o coletiva para servidores p\u00fablicos<\/a><\/li>\n<li><a href=\"https:\/\/blogs.correiobraziliense.com.br\/servidor\/tse-deve-treinar-juizes-no-enfrentamento-a-desinformacao-nas-eleicoes\/\" rel=\"bookmark\">TSE deve treinar ju\u00edzes no enfrentamento \u00e0 desinforma\u00e7\u00e3o nas elei\u00e7\u00f5es<\/a><\/li>\n<\/ul>\n","protected":false},"excerpt":{"rendered":"<p>Os servidores p\u00fablicos federais far\u00e3o uma manifesta\u00e7\u00e3o entre esta ter\u00e7a e quinta-feira (16 a 18\/4) para pedir pelo reajuste salarial. A a\u00e7\u00e3o, que conta com o apoio do F\u00f3rum das Entidades Nacionais dos Servidores P\u00fablicos Federais (Fonasefe), ocorrer\u00e1 em Bras\u00edlia. Para o primeiro dia, est\u00e1 marcada uma audi\u00eancia p\u00fablica para debater as mobiliza\u00e7\u00f5es e paralisa\u00e7\u00f5es dos servidores t\u00e9cnico-administrativos de universidades [&hellip;]<\/p>\n","protected":false},"author":139,"featured_media":14118,"comment_status":"open","ping_status":"closed","sticky":false,"template":"","format":"standard","meta":{"footnotes":""},"categories":[19524,19517,19497,19512],"tags":[98,15,63,18,30,58,19],"class_list":["post-21334","post","type-post","status-publish","format-standard","has-post-thumbnail","hentry","category-governo-federal","category-reajuste-salarial","category-servico-publico","category-servidores-publicos","tag-governo","tag-greve","tag-reajuste","tag-salarial","tag-salarios","tag-servidores","tag-trabalhadores"],"_links":{"self":[{"href":"https:\/\/blogs.correiobraziliense.com.br\/servidor\/wp-json\/wp\/v2\/posts\/21334","targetHints":{"allow":["GET"]}}],"collection":[{"href":"https:\/\/blogs.correiobraziliense.com.br\/servidor\/wp-json\/wp\/v2\/posts"}],"about":[{"href":"https:\/\/blogs.correiobraziliense.com.br\/servidor\/wp-json\/wp\/v2\/types\/post"}],"author":[{"embeddable":true,"href":"https:\/\/blogs.correiobraziliense.com.br\/servidor\/wp-json\/wp\/v2\/users\/139"}],"replies":[{"embeddable":true,"href":"https:\/\/blogs.correiobraziliense.com.br\/servidor\/wp-json\/wp\/v2\/comments?post=21334"}],"version-history":[{"count":1,"href":"https:\/\/blogs.correiobraziliense.com.br\/servidor\/wp-json\/wp\/v2\/posts\/21334\/revisions"}],"predecessor-version":[{"id":21335,"href":"https:\/\/blogs.correiobraziliense.com.br\/servidor\/wp-json\/wp\/v2\/posts\/21334\/revisions\/21335"}],"wp:featuredmedia":[{"embeddable":true,"href":"https:\/\/blogs.correiobraziliense.com.br\/servidor\/wp-json\/wp\/v2\/media\/14118"}],"wp:attachment":[{"href":"https:\/\/blogs.correiobraziliense.com.br\/servidor\/wp-json\/wp\/v2\/media?parent=21334"}],"wp:term":[{"taxonomy":"category","embeddable":true,"href":"https:\/\/blogs.correiobraziliense.com.br\/servidor\/wp-json\/wp\/v2\/categories?post=21334"},{"taxonomy":"post_tag","embeddable":true,"href":"https:\/\/blogs.correiobraziliense.com.br\/servidor\/wp-json\/wp\/v2\/tags?post=21334"}],"curies":[{"name":"wp","href":"https:\/\/api.w.org\/{rel}","templated":true}]}}