{"id":2133,"date":"2016-07-01T14:45:41","date_gmt":"2016-07-01T17:45:41","guid":{"rendered":"https:\/\/blogs.correiobraziliense.com.br\/servidor\/?p=2133"},"modified":"2016-07-08T10:26:20","modified_gmt":"2016-07-08T13:26:20","slug":"cnte-contesta-informacao-sobre-desocupacao-do-mec-por-meio-de-liminar","status":"publish","type":"post","link":"https:\/\/blogs.correiobraziliense.com.br\/servidor\/cnte-contesta-informacao-sobre-desocupacao-do-mec-por-meio-de-liminar\/","title":{"rendered":"CNTE contesta informa\u00e7\u00e3o sobre desocupa\u00e7\u00e3o do MEC por meio de liminar"},"content":{"rendered":"<p>A Confedera\u00e7\u00e3o Nacional dos Trabalhadores em Educa\u00e7\u00e3o (CNTE), por meio de nota, recha\u00e7a a informa\u00e7\u00e3o &#8220;inver\u00eddica, veiculada pela imprensa, de que a desocupa\u00e7\u00e3o, dos trabalhadores em educa\u00e7\u00e3o, das depend\u00eancias do Minist\u00e9rio da Educa\u00e7\u00e3o (MEC), nesta quarta-feira (29), foi feita por meio de liminar&#8221;.<\/p>\n<p>A entidade ressalta ainda, que durante o protesto n\u00e3o recebeu nenhum tipo de notifica\u00e7\u00e3o e n\u00e3o tomou conhecimento sobre nenhuma liminar expedida contra a ocupa\u00e7\u00e3o. O ato foi encerrado por haver um entendimento conjunto dos profissionais presentes de que o prop\u00f3sito da mobiliza\u00e7\u00e3o havia sido cumprido.<\/p>\n<p>Como j\u00e1 informado ontem (29), em nota p\u00fablica divulgada pela Confedera\u00e7\u00e3o a CNTE contesta ainda a informa\u00e7\u00e3o, divulgada pela MEC de que a ocupa\u00e7\u00e3o no Minist\u00e9rio tenha causado danos ao patrim\u00f4nio p\u00fablico.<\/p>\n<p>&#8220;O protesto promovido pela CNTE e entidades parceiras no pr\u00e9dio do MEC foi pac\u00edfico e com prop\u00f3sito de denunciar o desmonte que o governo interino e golpista de Michel Temer tem promovido na educa\u00e7\u00e3o e demais pol\u00edticas sociais&#8221;, refor\u00e7a a nota.<\/p>\n<p>Leia <a href=\"http:\/\/goo.gl\/lK2oTh\" target=\"_blank\">aqui<\/a> a nota da CNTE na \u00edntegra.<\/p>\n","protected":false},"excerpt":{"rendered":"<p>A Confedera\u00e7\u00e3o Nacional dos Trabalhadores em Educa\u00e7\u00e3o (CNTE), por meio de nota, recha\u00e7a a informa\u00e7\u00e3o &#8220;inver\u00eddica, veiculada pela imprensa, de que a desocupa\u00e7\u00e3o, dos trabalhadores em educa\u00e7\u00e3o, das depend\u00eancias do Minist\u00e9rio da Educa\u00e7\u00e3o (MEC), nesta quarta-feira (29), foi feita por meio de liminar&#8221;. A entidade ressalta ainda, que durante o protesto n\u00e3o recebeu nenhum tipo de notifica\u00e7\u00e3o e n\u00e3o tomou [&hellip;]<\/p>\n","protected":false},"author":27,"featured_media":0,"comment_status":"open","ping_status":"closed","sticky":false,"template":"","format":"standard","meta":{"footnotes":""},"categories":[1,2719],"tags":[2557,2631,2633,1118,2632,617,392],"class_list":["post-2133","post","type-post","status-publish","format-standard","hentry","category-sem-categoria","category-servidor","tag-cnte","tag-contesta","tag-desocupacao","tag-informacao","tag-inveridica","tag-liminar","tag-mec"],"_links":{"self":[{"href":"https:\/\/blogs.correiobraziliense.com.br\/servidor\/wp-json\/wp\/v2\/posts\/2133","targetHints":{"allow":["GET"]}}],"collection":[{"href":"https:\/\/blogs.correiobraziliense.com.br\/servidor\/wp-json\/wp\/v2\/posts"}],"about":[{"href":"https:\/\/blogs.correiobraziliense.com.br\/servidor\/wp-json\/wp\/v2\/types\/post"}],"author":[{"embeddable":true,"href":"https:\/\/blogs.correiobraziliense.com.br\/servidor\/wp-json\/wp\/v2\/users\/27"}],"replies":[{"embeddable":true,"href":"https:\/\/blogs.correiobraziliense.com.br\/servidor\/wp-json\/wp\/v2\/comments?post=2133"}],"version-history":[{"count":1,"href":"https:\/\/blogs.correiobraziliense.com.br\/servidor\/wp-json\/wp\/v2\/posts\/2133\/revisions"}],"predecessor-version":[{"id":2134,"href":"https:\/\/blogs.correiobraziliense.com.br\/servidor\/wp-json\/wp\/v2\/posts\/2133\/revisions\/2134"}],"wp:attachment":[{"href":"https:\/\/blogs.correiobraziliense.com.br\/servidor\/wp-json\/wp\/v2\/media?parent=2133"}],"wp:term":[{"taxonomy":"category","embeddable":true,"href":"https:\/\/blogs.correiobraziliense.com.br\/servidor\/wp-json\/wp\/v2\/categories?post=2133"},{"taxonomy":"post_tag","embeddable":true,"href":"https:\/\/blogs.correiobraziliense.com.br\/servidor\/wp-json\/wp\/v2\/tags?post=2133"}],"curies":[{"name":"wp","href":"https:\/\/api.w.org\/{rel}","templated":true}]}}