{"id":21318,"date":"2024-03-19T18:18:55","date_gmt":"2024-03-19T21:18:55","guid":{"rendered":"https:\/\/blogs.correiobraziliense.com.br\/servidor\/?p=21318"},"modified":"2024-03-19T18:18:55","modified_gmt":"2024-03-19T21:18:55","slug":"banco-central-servidores-convocam-ato-contra-possivel-independencia-da-instituicao","status":"publish","type":"post","link":"https:\/\/blogs.correiobraziliense.com.br\/servidor\/banco-central-servidores-convocam-ato-contra-possivel-independencia-da-instituicao\/","title":{"rendered":"Banco Central: servidores convocam ato contra poss\u00edvel independ\u00eancia da institui\u00e7\u00e3o"},"content":{"rendered":"<p>Sindicato dos Servidores P\u00fablicos Federais no DF (Sindesp-DF) questiona a PEC 65. Texto prev\u00ea independ\u00eancia administrativa do Banco Central; entenda<\/p>\n<p>&nbsp;<\/p>\n<p>Servidores do Banco Central organizam\u00a0para esta quarta-feira (20\/3) uma manifesta\u00e7\u00e3o contra a independ\u00eancia da institui\u00e7\u00e3o. O ato ser\u00e1 realizado em frente ao Minist\u00e9rio da Fazenda, na Esplanada dos Minist\u00e9rios, em Bras\u00edlia. O protesto questiona a proposta de emenda \u00e0 constitui\u00e7\u00e3o\u00a0<a href=\"https:\/\/www.congressonacional.leg.br\/materias\/materias-bicamerais\/-\/ver\/pec-65-2023\">(PEC) 65<\/a>, que prop\u00f5e dar ao BC o\u00a0status\u00a0de empresa p\u00fablica. Atualmente, o \u00f3rg\u00e3o \u00e9 uma autarquia federal.<\/p>\n<p>A manifesta\u00e7\u00e3o foi convocada pelo Sindicato\u00a0dos Servidores P\u00fablicos Federais no DF (Sindesp-DF). A categoria afirma que, ao conceber o Banco Central como uma empresa p\u00fablica, a PEC 65 o tornaria mais independente dos poderes de quaisquer \u00f3rg\u00e3os federais, como o Minist\u00e9rio da Fazenda.<\/p>\n<p>&#8220;Trata-se de um ataque \u00e0 democracia, ao servi\u00e7o p\u00fablico, \u00e0 economia nacional e aos servidores ativos e aposentados do Banco Central&#8221;, afirma um Manifesto que ser\u00e1 lan\u00e7ado durante o protesto. O Sindesp acrescenta que a PEC 65 retira do estado o or\u00e7amento do BC.<\/p>\n<ul>\n<li><a href=\"https:\/\/www.correiobraziliense.com.br\/euestudante\/concursos\/2024\/03\/6821215-cesgranrio-divulga-gabarito-de-concurso-da-casa-da-moeda.html\">Cesgranrio divulga gabarito de concurso da Casa da Moeda<\/a><\/li>\n<li><a href=\"https:\/\/www.correiobraziliense.com.br\/euestudante\/concursos\/2024\/03\/6821198-bndes-confirma-novo-concurso-com-96-vagas-para-este-ano.html\">BNDES confirma novo concurso com 96 vagas para este ano<\/a><\/li>\n<\/ul>\n<h3>PEC 65<\/h3>\n<p>De autoria do senador\u00a0Vanderlan Cardoso (PSD-GO), a Proposta de Emenda \u00e0 Constitui\u00e7\u00e3o 65 versa sobre a autonomia do Banco Central e prev\u00ea que a institui\u00e7\u00e3o tenha independ\u00eancia administrativa. O projeto ainda tramita no Senado. Atualmente, por\u00a0<a href=\"https:\/\/www.correiobraziliense.com.br\/economia\/2021\/02\/4908538-autonomia-bolsonaro-sanciona-lei-da-independencia-do-banco-central.html\">lei assinada em 2021<\/a>, o BC tem independ\u00eancia operacional para definir a pol\u00edtica monet\u00e1ria \u2014 como a taxa de juros (selic) e opera\u00e7\u00f5es de impress\u00e3o de c\u00e9dulas e moedas de real, por exemplo.<\/p>\n<p>Mesmo com tal\u00a0autonomia, no entanto, o Banco Central ainda \u00e9 uma institui\u00e7\u00e3o sob supervis\u00e3o do governo. Nessa condi\u00e7\u00e3o de autarquia federal, decis\u00f5es como a escolha do presidente e de diretores do BC s\u00e3o tomadas pelo estado. O presidente, por exemplo, \u00e9 escolhido pelo presidente da rep\u00fablica e sabatinado no Congresso a cada quatro anos.<\/p>\n<h3>O que mudaria<\/h3>\n<p>A PEC 65 prev\u00ea a amplia\u00e7\u00e3o desta autonomia a ponto de transformar o Banco Central em uma empresa p\u00fablica. Essa ideia daria\u00a0ao BC a possibilidade de contratar\u00a0funcion\u00e1rios, aumentar sal\u00e1rios e fazer investimentos com recursos pr\u00f3prios, sem depender de autoriza\u00e7\u00f5es do governo.<\/p>\n<h3>Campos Neto defende PEC<\/h3>\n<p>O atual presidente do Banco Central, Roberto Campos Neto, \u00e9 uma das figuras pol\u00edticas defensoras da PEC 65. Segundo ele, a aprova\u00e7\u00e3o de um autonomia operacional e administrativa do BC seria um &#8220;um passo natural&#8221; de institui\u00e7\u00f5es monet\u00e1rias.<\/p>\n<p>&#8220;O tema da autonomia financeira \u00e9 um tema t\u00e9cnico e precisa ser discutido num ambiente mais t\u00e9cnico, sem gerar ru\u00eddo na m\u00eddia. Mais de 90% dos bancos centrais que t\u00eam autonomia operacional t\u00eam autonomia financeira&#8221;, ponderou Campos Neto, durante uma palestra na Associa\u00e7\u00e3o Comercial de S\u00e3o Paulo (ACSP), realizada no in\u00edcio de mar\u00e7o.<\/p>\n","protected":false},"excerpt":{"rendered":"<p>Sindicato dos Servidores P\u00fablicos Federais no DF (Sindesp-DF) questiona a PEC 65. Texto prev\u00ea independ\u00eancia administrativa do Banco Central; entenda &nbsp; Servidores do Banco Central organizam\u00a0para esta quarta-feira (20\/3) uma manifesta\u00e7\u00e3o contra a independ\u00eancia da institui\u00e7\u00e3o. O ato ser\u00e1 realizado em frente ao Minist\u00e9rio da Fazenda, na Esplanada dos Minist\u00e9rios, em Bras\u00edlia. O protesto questiona a proposta de emenda \u00e0 [&hellip;]<\/p>\n","protected":false},"author":139,"featured_media":21319,"comment_status":"open","ping_status":"closed","sticky":false,"template":"","format":"standard","meta":{"footnotes":""},"categories":[19524,19517,19512],"tags":[1236,1151,810,575,58],"class_list":["post-21318","post","type-post","status-publish","format-standard","has-post-thumbnail","hentry","category-governo-federal","category-reajuste-salarial","category-servidores-publicos","tag-banco-central","tag-manifestacao","tag-ministerio-da-fazenda","tag-servico-publico","tag-servidores"],"_links":{"self":[{"href":"https:\/\/blogs.correiobraziliense.com.br\/servidor\/wp-json\/wp\/v2\/posts\/21318","targetHints":{"allow":["GET"]}}],"collection":[{"href":"https:\/\/blogs.correiobraziliense.com.br\/servidor\/wp-json\/wp\/v2\/posts"}],"about":[{"href":"https:\/\/blogs.correiobraziliense.com.br\/servidor\/wp-json\/wp\/v2\/types\/post"}],"author":[{"embeddable":true,"href":"https:\/\/blogs.correiobraziliense.com.br\/servidor\/wp-json\/wp\/v2\/users\/139"}],"replies":[{"embeddable":true,"href":"https:\/\/blogs.correiobraziliense.com.br\/servidor\/wp-json\/wp\/v2\/comments?post=21318"}],"version-history":[{"count":1,"href":"https:\/\/blogs.correiobraziliense.com.br\/servidor\/wp-json\/wp\/v2\/posts\/21318\/revisions"}],"predecessor-version":[{"id":21320,"href":"https:\/\/blogs.correiobraziliense.com.br\/servidor\/wp-json\/wp\/v2\/posts\/21318\/revisions\/21320"}],"wp:featuredmedia":[{"embeddable":true,"href":"https:\/\/blogs.correiobraziliense.com.br\/servidor\/wp-json\/wp\/v2\/media\/21319"}],"wp:attachment":[{"href":"https:\/\/blogs.correiobraziliense.com.br\/servidor\/wp-json\/wp\/v2\/media?parent=21318"}],"wp:term":[{"taxonomy":"category","embeddable":true,"href":"https:\/\/blogs.correiobraziliense.com.br\/servidor\/wp-json\/wp\/v2\/categories?post=21318"},{"taxonomy":"post_tag","embeddable":true,"href":"https:\/\/blogs.correiobraziliense.com.br\/servidor\/wp-json\/wp\/v2\/tags?post=21318"}],"curies":[{"name":"wp","href":"https:\/\/api.w.org\/{rel}","templated":true}]}}