{"id":21312,"date":"2024-03-16T14:51:30","date_gmt":"2024-03-16T17:51:30","guid":{"rendered":"https:\/\/blogs.correiobraziliense.com.br\/servidor\/?p=21312"},"modified":"2024-03-19T09:03:08","modified_gmt":"2024-03-19T12:03:08","slug":"servidores-do-meio-ambiente-pedem-reestruturacao-da-carreira-em-ato-neste-domingo-17-3","status":"publish","type":"post","link":"https:\/\/blogs.correiobraziliense.com.br\/servidor\/servidores-do-meio-ambiente-pedem-reestruturacao-da-carreira-em-ato-neste-domingo-17-3\/","title":{"rendered":"Servidores do Meio Ambiente pedem reestrutura\u00e7\u00e3o da carreira em ato neste domingo (17\/3)"},"content":{"rendered":"<p>Servidores do Instituto Chico Mendes de Conserva\u00e7\u00e3o da Biodiversidade (ICMBio), do Instituto Brasileiro do Meio Ambiente e dos Recursos Naturais Renov\u00e1veis (Ibama), do Minist\u00e9rio do Meio Ambiente e Mudan\u00e7a do Clima (MMA) e do Servi\u00e7o Florestal Brasileiro (SFB) marcaram um ato a favor da reestrutura\u00e7\u00e3o da carreira.<\/p>\n<p>A manifesta\u00e7\u00e3o ocorrer\u00e1 neste domingo (17\/3), em Bras\u00edlia, e em outras cinco unidades geridas pelo ICMBio, incluindo o Parque Nacional da Tijuca, no Rio de Janeiro. Na capital, o ato ser\u00e1 no Parque Nacional de Bras\u00edlia.<\/p>\n<p>Segundo os servidores, a carreira n\u00e3o \u00e9 alterada h\u00e1 uma d\u00e9cada, o que causou a redu\u00e7\u00e3o do poder de compra de 35%, abismo salarial entre t\u00e9cnicos e analistas e aus\u00eancia da categoria dentre as que recebem benef\u00edcios como o adicional por trabalho em \u00e1reas de fronteira.<\/p>\n<p>O cen\u00e1rio faz com que a carreira seja cada vez menos atrativa e os concursos se tornem ineficientes para resolver a quest\u00e3o de pessoal. A categoria aponta, inclusive, que o Concurso Nacional Unificado poder\u00e1 causar um colapso, j\u00e1 que 20% dos rec\u00e9m-nomeados pediram exonera\u00e7\u00e3o para assumir outras carreiras e cerca de 70% dos servidores do Ibama est\u00e3o inscritos em outros certames.<\/p>\n<p>Desde o in\u00edcio do ano, os servidores est\u00e3o realizando uma s\u00e9rie de atos. De acordo com a categoria, uma negocia\u00e7\u00e3o foi iniciada no ano passado, com o Minist\u00e9rio da Gest\u00e3o e da Inova\u00e7\u00e3o em Servi\u00e7os (MGI), que s\u00f3 ocorreu ap\u00f3s as paralisa\u00e7\u00f5es. O MGI chegou a apresentar duas propostas, mas ambas n\u00e3o foram aceitas.<\/p>\n<p>Em resposta ao Blog, o Minist\u00e9rio da Gest\u00e3o informou que viabilizou, em 2023, &#8220;a partir de negocia\u00e7\u00e3o com as entidades representativas dos servidores federais, reajuste linear de 9% para todos os servidores, al\u00e9m do aumento de 43,6% no aux\u00edlio alimenta\u00e7\u00e3o. Esse foi o primeiro acordo para reajustes fechado entre o governo e servidores em oito anos.&#8221;<\/p>\n<p>&#8220;No segundo semestre de 2023, teve in\u00edcio o debate sobre reajuste para o ano de 2024. Como parte desse processo, foram abertas mesas espec\u00edficas para tratar de algumas carreiras. A recomposi\u00e7\u00e3o da for\u00e7a de trabalho na Administra\u00e7\u00e3o P\u00fablica Federal, para recuperar a capacidade de atua\u00e7\u00e3o do governo para a execu\u00e7\u00e3o de pol\u00edticas p\u00fablicas, \u00e9 pauta priorit\u00e1ria do Minist\u00e9rio da Gest\u00e3o, que vem atuando dentro do poss\u00edvel e dos limites or\u00e7ament\u00e1rios para atender \u00e0s demandas dos \u00f3rg\u00e3os e entidades do Executivo Federal.\u00a0A Pasta segue aberta ao di\u00e1logo com os servidores do IBAMA e de\u00a0todas as outras \u00e1reas&#8221;, diz o restante da mensagem.<\/p>\n<ul>\n<li>Leia tamb\u00e9m:\u00a0<a href=\"https:\/\/blogs.correiobraziliense.com.br\/servidor\/entra-em-vigor-lei-que-preve-direitos-a-gestantes-e-lactantes-das-forcas-de-seguranca-do-df\/\" rel=\"bookmark\">Entra em vigor lei que prev\u00ea direitos a gestantes e lactantes das for\u00e7as de seguran\u00e7a do DF<\/a><\/li>\n<li><a href=\"https:\/\/blogs.correiobraziliense.com.br\/servidor\/servico-publico-tem-tres-servidores-para-atender-cada-100-pessoas-no-brasil\/\" rel=\"bookmark\">Servi\u00e7o p\u00fablico tem tr\u00eas servidores para atender cada 100 pessoas no Brasil<\/a><\/li>\n<\/ul>\n","protected":false},"excerpt":{"rendered":"<p>Servidores do Instituto Chico Mendes de Conserva\u00e7\u00e3o da Biodiversidade (ICMBio), do Instituto Brasileiro do Meio Ambiente e dos Recursos Naturais Renov\u00e1veis (Ibama), do Minist\u00e9rio do Meio Ambiente e Mudan\u00e7a do Clima (MMA) e do Servi\u00e7o Florestal Brasileiro (SFB) marcaram um ato a favor da reestrutura\u00e7\u00e3o da carreira. A manifesta\u00e7\u00e3o ocorrer\u00e1 neste domingo (17\/3), em Bras\u00edlia, e em outras cinco unidades [&hellip;]<\/p>\n","protected":false},"author":139,"featured_media":21313,"comment_status":"open","ping_status":"closed","sticky":false,"template":"","format":"standard","meta":{"footnotes":""},"categories":[19524,19517,19497,19512],"tags":[98,1151,2602,63,3946,58],"class_list":["post-21312","post","type-post","status-publish","format-standard","has-post-thumbnail","hentry","category-governo-federal","category-reajuste-salarial","category-servico-publico","category-servidores-publicos","tag-governo","tag-manifestacao","tag-meio-ambiente","tag-reajuste","tag-reajuste-salarial","tag-servidores"],"_links":{"self":[{"href":"https:\/\/blogs.correiobraziliense.com.br\/servidor\/wp-json\/wp\/v2\/posts\/21312","targetHints":{"allow":["GET"]}}],"collection":[{"href":"https:\/\/blogs.correiobraziliense.com.br\/servidor\/wp-json\/wp\/v2\/posts"}],"about":[{"href":"https:\/\/blogs.correiobraziliense.com.br\/servidor\/wp-json\/wp\/v2\/types\/post"}],"author":[{"embeddable":true,"href":"https:\/\/blogs.correiobraziliense.com.br\/servidor\/wp-json\/wp\/v2\/users\/139"}],"replies":[{"embeddable":true,"href":"https:\/\/blogs.correiobraziliense.com.br\/servidor\/wp-json\/wp\/v2\/comments?post=21312"}],"version-history":[{"count":3,"href":"https:\/\/blogs.correiobraziliense.com.br\/servidor\/wp-json\/wp\/v2\/posts\/21312\/revisions"}],"predecessor-version":[{"id":21317,"href":"https:\/\/blogs.correiobraziliense.com.br\/servidor\/wp-json\/wp\/v2\/posts\/21312\/revisions\/21317"}],"wp:featuredmedia":[{"embeddable":true,"href":"https:\/\/blogs.correiobraziliense.com.br\/servidor\/wp-json\/wp\/v2\/media\/21313"}],"wp:attachment":[{"href":"https:\/\/blogs.correiobraziliense.com.br\/servidor\/wp-json\/wp\/v2\/media?parent=21312"}],"wp:term":[{"taxonomy":"category","embeddable":true,"href":"https:\/\/blogs.correiobraziliense.com.br\/servidor\/wp-json\/wp\/v2\/categories?post=21312"},{"taxonomy":"post_tag","embeddable":true,"href":"https:\/\/blogs.correiobraziliense.com.br\/servidor\/wp-json\/wp\/v2\/tags?post=21312"}],"curies":[{"name":"wp","href":"https:\/\/api.w.org\/{rel}","templated":true}]}}