{"id":2131,"date":"2016-07-01T13:30:07","date_gmt":"2016-07-01T16:30:07","guid":{"rendered":"https:\/\/blogs.correiobraziliense.com.br\/servidor\/?p=2131"},"modified":"2016-07-08T10:26:21","modified_gmt":"2016-07-08T13:26:21","slug":"servidores-temem-por-reajuste-salarial","status":"publish","type":"post","link":"https:\/\/blogs.correiobraziliense.com.br\/servidor\/servidores-temem-por-reajuste-salarial\/","title":{"rendered":"Servidores temem por reajuste salarial"},"content":{"rendered":"<p><em><span style=\"font-family: Times New Roman,serif\"><span style=\"font-size: medium\">Funcion\u00e1rios do Executivo receiam que cr\u00edticas ao aumento dado ao Judici\u00e1rio impe\u00e7am a corre\u00e7\u00e3o dos vencimentos de outras categorias. Oito carreiras ainda n\u00e3o t\u00eam projeto<\/span><\/span><\/em><\/p>\n<p><span style=\"font-family: Times New Roman,serif\"><span style=\"font-size: medium\">As cr\u00edticas contra o reajuste salarial para os servidores do Judici\u00e1rio e do Minist\u00e9rio P\u00fablico da Uni\u00e3o (MPU), aprovado na quarta-feira pelo Senado, geram apreens\u00e3o entre as categorias do Executivo, especialmente nas as oito carreiras que sequer tiveram projetos encaminhados ao Legislativo. Elas temem n\u00e3o receber o mesmo tratamento dado aos colegas do Judici\u00e1rio, que ter\u00e3o o aumento de 41,5%, em oito parcelas, at\u00e9 2019. Apesar de gerar um impacto de R$ 23 bilh\u00f5es na folha de pagamento da Uni\u00e3o, dos quais R$ 2 bilh\u00f5es ainda este ano, os projetos aguardam a san\u00e7\u00e3o praticamente certa do presidente da Rep\u00fablica interino. Michel Temer. <\/span><\/span><\/p>\n<p><span style=\"font-family: Times New Roman,serif\"><span style=\"font-size: medium\">O receio \u00e9 alimentado por sinais discrepantes do Senado. O presidente da Casa, Renan Calheiros (PMDB-AL), alardeou que o reajuste do Executivo est\u00e1 garantido, com as b\u00ean\u00e7\u00e3os do ministro da Fazenda, Henrique Meirelles. Alguns parlamentares, no entanto, rejeitam mais expans\u00e3o do gasto p\u00fablico. O senador Ronaldo Caiado (GO), l\u00edder do Democratas, apesar de favor\u00e1vel \u00e0 reposi\u00e7\u00e3o do Judici\u00e1rio e do MPU, quer que outros aumentos sejam suspensos at\u00e9 que se consiga reverter o quadro de crescente desemprego no pa\u00eds. \u201cVamos voltar os olhos para resgatar a economia, recuperar o emprego de 11 milh\u00f5es de pessoas. N\u00e3o \u00e9 hora de pressionar senador para aumentar sal\u00e1rio. Precisamos ter esp\u00edrito p\u00fablico. N\u00e3o temos compromisso com aumento de nenhuma outra categoria\u201d, disse.<\/span><\/span><\/p>\n<p><span style=\"font-family: Times New Roman,serif\"><span style=\"font-size: medium\">O Minist\u00e9rio do Planejamento ainda n\u00e3o enviou ao Congresso os projetos de reajuste de oito carreiras, abrangendo Receita Federal (auditores e analistas), Pol\u00edcia Federal (delegados e agentes, escriv\u00e3es e papiloscopistas), peritos agr\u00e1rios e analistas de pol\u00edticas sociais e de infraestrutura. N\u00e3o houve tamb\u00e9m acordo com os servidores do Itamaraty. <\/span><\/span><\/p>\n<p><strong><span style=\"font-family: Times New Roman,serif\"><span style=\"font-size: medium\">Impacto<\/span><\/span><\/strong><\/p>\n<p><span style=\"font-family: Times New Roman,serif\"><span style=\"font-size: medium\">Para Rudinei Marques, presidente do F\u00f3rum Nacional das Carreiras T\u00edpicas de Estado (Fonacate), a expectativa \u00e9 de que o Congresso mantenha a linha de atua\u00e7\u00e3o observada no caso do Judici\u00e1rio. \u201cCaiado \u00e9 uma voz isolada\u201d, disse. \u201cConversei com o senador Romero Juc\u00e1 (que acaba de ser reconduzido \u00e0 2\u00aa vice- presid\u00eancia da Casa) e ele disse que a inten\u00e7\u00e3o do governo \u00e9 aprovar tudo\u201d, afirmou Marques. J\u00e1 S\u00e9rgio Ronaldo da Silva, secret\u00e1rio-geral da Confedera\u00e7\u00e3o Nacional dos Servidores Federais (Condsef), est\u00e1 receoso. \u201cCaiado acendeu a luz de alerta. Esperamos que o Senado n\u00e3o trate os projetos de forma diferente. Qual seria o motivo da prioridade?\u201d, questionou. <\/span><\/span><\/p>\n<p><span style=\"font-family: Times New Roman,serif\"><span style=\"font-size: medium\">Segundo o ministro do Planejamento, Dyogo Oliveira, o impacto acumulado de todos os aumentos salariais na folha dos Tr\u00eas Poderes est\u00e1 previsto em R$ 67,7 bilh\u00f5es at\u00e9 2019 (R$ 7 bilh\u00f5es em 2016). Apesar da fatura pesada, disse ele, todos os projetos j\u00e1 tinham recursos assegurados no Or\u00e7amento de 2016, por isso, n\u00e3o haver\u00e1 impacto adicional. Para 2016, o aumento \u00e9 de 5,5% a partir de agosto. O impacto no exerc\u00edcio, apenas do Executivo, \u00e9 de R$ 4,230 bilh\u00f5es. <\/span><\/span><\/p>\n<p><span style=\"font-family: Times New Roman,serif\"><span style=\"font-size: medium\">Os c\u00e1lculos s\u00e3o contestados por analistas de mercado. \u201cN\u00e3o se sabe quanto ser\u00e1 desembolsado no futuro com os b\u00f4nus de efici\u00eancia para o pessoal do Fisco, ou com os honor\u00e1rios de sucumb\u00eancia dos advogados. O custo at\u00e9 2019 pode ultrapassar os R$ 80 bilh\u00f5es. Parece que o governo erra de prop\u00f3sito nas contas quando se trata de despesas com a m\u00e1quina\u201d, ironizou um economista. <\/span><\/span><\/p>\n","protected":false},"excerpt":{"rendered":"<p>Funcion\u00e1rios do Executivo receiam que cr\u00edticas ao aumento dado ao Judici\u00e1rio impe\u00e7am a corre\u00e7\u00e3o dos vencimentos de outras categorias. Oito carreiras ainda n\u00e3o t\u00eam projeto As cr\u00edticas contra o reajuste salarial para os servidores do Judici\u00e1rio e do Minist\u00e9rio P\u00fablico da Uni\u00e3o (MPU), aprovado na quarta-feira pelo Senado, geram apreens\u00e3o entre as categorias do Executivo, especialmente nas as oito carreiras [&hellip;]<\/p>\n","protected":false},"author":27,"featured_media":0,"comment_status":"open","ping_status":"closed","sticky":false,"template":"","format":"standard","meta":{"footnotes":""},"categories":[1,2719],"tags":[75,803,759,2129,9,64,101,63,18,58,2630],"class_list":["post-2131","post","type-post","status-publish","format-standard","hentry","category-sem-categoria","category-servidor","tag-aumento","tag-categorias","tag-correcao","tag-criticas","tag-executivo","tag-judiciario","tag-projeto","tag-reajuste","tag-salarial","tag-servidores","tag-temem"],"_links":{"self":[{"href":"https:\/\/blogs.correiobraziliense.com.br\/servidor\/wp-json\/wp\/v2\/posts\/2131","targetHints":{"allow":["GET"]}}],"collection":[{"href":"https:\/\/blogs.correiobraziliense.com.br\/servidor\/wp-json\/wp\/v2\/posts"}],"about":[{"href":"https:\/\/blogs.correiobraziliense.com.br\/servidor\/wp-json\/wp\/v2\/types\/post"}],"author":[{"embeddable":true,"href":"https:\/\/blogs.correiobraziliense.com.br\/servidor\/wp-json\/wp\/v2\/users\/27"}],"replies":[{"embeddable":true,"href":"https:\/\/blogs.correiobraziliense.com.br\/servidor\/wp-json\/wp\/v2\/comments?post=2131"}],"version-history":[{"count":1,"href":"https:\/\/blogs.correiobraziliense.com.br\/servidor\/wp-json\/wp\/v2\/posts\/2131\/revisions"}],"predecessor-version":[{"id":2132,"href":"https:\/\/blogs.correiobraziliense.com.br\/servidor\/wp-json\/wp\/v2\/posts\/2131\/revisions\/2132"}],"wp:attachment":[{"href":"https:\/\/blogs.correiobraziliense.com.br\/servidor\/wp-json\/wp\/v2\/media?parent=2131"}],"wp:term":[{"taxonomy":"category","embeddable":true,"href":"https:\/\/blogs.correiobraziliense.com.br\/servidor\/wp-json\/wp\/v2\/categories?post=2131"},{"taxonomy":"post_tag","embeddable":true,"href":"https:\/\/blogs.correiobraziliense.com.br\/servidor\/wp-json\/wp\/v2\/tags?post=2131"}],"curies":[{"name":"wp","href":"https:\/\/api.w.org\/{rel}","templated":true}]}}