{"id":21309,"date":"2024-03-12T14:33:58","date_gmt":"2024-03-12T17:33:58","guid":{"rendered":"https:\/\/blogs.correiobraziliense.com.br\/servidor\/?p=21309"},"modified":"2024-03-12T14:33:58","modified_gmt":"2024-03-12T17:33:58","slug":"entra-em-vigor-lei-que-preve-direitos-a-gestantes-e-lactantes-das-forcas-de-seguranca-do-df","status":"publish","type":"post","link":"https:\/\/blogs.correiobraziliense.com.br\/servidor\/entra-em-vigor-lei-que-preve-direitos-a-gestantes-e-lactantes-das-forcas-de-seguranca-do-df\/","title":{"rendered":"Entra em vigor lei que prev\u00ea direitos a gestantes e lactantes das for\u00e7as de seguran\u00e7a do DF"},"content":{"rendered":"<p>Os direitos das mulheres gestantes ou lactantes que pertencem \u00e0s for\u00e7as de seguran\u00e7a do Distrito Federal foram ampliados. Isso porque entrou em vigor a lei distrital 7.447\/2024, que prev\u00ea v\u00e1rios direitos \u00e0s mulheres nessas condi\u00e7\u00f5es.<\/p>\n<p>Agora, elas ter\u00e3o maior flexibilidade nas jornadas de trabalho. Al\u00e9m disso, as servidoras tamb\u00e9m passar\u00e3o a ter o direito de trabalhar perto da resid\u00eancia at\u00e9 a crian\u00e7a completar seis anos de idade.<\/p>\n<p>A lei tamb\u00e9m permite que as servidoras possam se deslocar, a qualquer tempo, ao local onde a crian\u00e7a se encontrar em caso de emerg\u00eancia.<\/p>\n<p>S\u00e3o contempladas as policiais civis, penais, militares e legislativas; bombeiras militares; agentes do sistema socioeducativo; agentes de tr\u00e2nsito do Detran-DF; e agentes de tr\u00e2nsito do DER-DF.<\/p>\n<p>A lei entrou em vigor na \u00faltima ter\u00e7a-feira (5\/3). De autoria do deputado Roosevelt (PL), a medida foi criada com o objetivo de ampliar os direitos das mulheres.<\/p>\n<p>&#8220;Fundado no princ\u00edpio constitucional da prioridade absoluta \u00e0 crian\u00e7a e ao adolescente, o poder p\u00fablico fica obrigado a implementar pol\u00edticas p\u00fablicas destinadas \u00e0 garantia da plena efetiva\u00e7\u00e3o dos direitos infanto-juvenis assegurados pela lei e pela Constitui\u00e7\u00e3o Federal&#8221;, disse o deputado.<\/p>\n<p><em>Com informa\u00e7\u00f5es da Ag\u00eancia CLDF<\/em><\/p>\n<ul>\n<li><strong>Leia mais:<\/strong>\u00a0<a href=\"https:\/\/blogs.correiobraziliense.com.br\/servidor\/servico-publico-tem-tres-servidores-para-atender-cada-100-pessoas-no-brasil\/\" rel=\"bookmark\">Servi\u00e7o p\u00fablico tem tr\u00eas servidores para atender cada 100 pessoas no Brasil<\/a><\/li>\n<li><a href=\"https:\/\/blogs.correiobraziliense.com.br\/servidor\/dino-ira-propor-pec-para-que-juizes-militares-e-promotores-que-cometerem-crime-grave-sejam-demitidos-do-servico-publico\/\" rel=\"bookmark\">Dino ir\u00e1 propor PEC para que ju\u00edzes, militares e promotores que cometerem crime grave sejam demitidos do servi\u00e7o p\u00fablico<\/a><\/li>\n<li><a href=\"https:\/\/blogs.correiobraziliense.com.br\/servidor\/servidores-que-trabalharem-em-bancas-de-vestibulares-ou-concursos-serao-remunerados\/\" rel=\"bookmark\">Servidores que trabalharem em bancas de vestibulares ou concursos ser\u00e3o remunerados<\/a><\/li>\n<\/ul>\n","protected":false},"excerpt":{"rendered":"<p>Os direitos das mulheres gestantes ou lactantes que pertencem \u00e0s for\u00e7as de seguran\u00e7a do Distrito Federal foram ampliados. Isso porque entrou em vigor a lei distrital 7.447\/2024, que prev\u00ea v\u00e1rios direitos \u00e0s mulheres nessas condi\u00e7\u00f5es. Agora, elas ter\u00e3o maior flexibilidade nas jornadas de trabalho. Al\u00e9m disso, as servidoras tamb\u00e9m passar\u00e3o a ter o direito de trabalhar perto da resid\u00eancia at\u00e9 [&hellip;]<\/p>\n","protected":false},"author":139,"featured_media":21310,"comment_status":"open","ping_status":"closed","sticky":false,"template":"","format":"standard","meta":{"footnotes":""},"categories":[19515,19524,19530],"tags":[9736,68,98,102,1263,208,58],"class_list":["post-21309","post","type-post","status-publish","format-standard","has-post-thumbnail","hentry","category-cldf","category-governo-federal","category-seguranca-publica","tag-cldf","tag-df","tag-governo","tag-lei","tag-mulheres","tag-seguranca","tag-servidores"],"_links":{"self":[{"href":"https:\/\/blogs.correiobraziliense.com.br\/servidor\/wp-json\/wp\/v2\/posts\/21309","targetHints":{"allow":["GET"]}}],"collection":[{"href":"https:\/\/blogs.correiobraziliense.com.br\/servidor\/wp-json\/wp\/v2\/posts"}],"about":[{"href":"https:\/\/blogs.correiobraziliense.com.br\/servidor\/wp-json\/wp\/v2\/types\/post"}],"author":[{"embeddable":true,"href":"https:\/\/blogs.correiobraziliense.com.br\/servidor\/wp-json\/wp\/v2\/users\/139"}],"replies":[{"embeddable":true,"href":"https:\/\/blogs.correiobraziliense.com.br\/servidor\/wp-json\/wp\/v2\/comments?post=21309"}],"version-history":[{"count":1,"href":"https:\/\/blogs.correiobraziliense.com.br\/servidor\/wp-json\/wp\/v2\/posts\/21309\/revisions"}],"predecessor-version":[{"id":21311,"href":"https:\/\/blogs.correiobraziliense.com.br\/servidor\/wp-json\/wp\/v2\/posts\/21309\/revisions\/21311"}],"wp:featuredmedia":[{"embeddable":true,"href":"https:\/\/blogs.correiobraziliense.com.br\/servidor\/wp-json\/wp\/v2\/media\/21310"}],"wp:attachment":[{"href":"https:\/\/blogs.correiobraziliense.com.br\/servidor\/wp-json\/wp\/v2\/media?parent=21309"}],"wp:term":[{"taxonomy":"category","embeddable":true,"href":"https:\/\/blogs.correiobraziliense.com.br\/servidor\/wp-json\/wp\/v2\/categories?post=21309"},{"taxonomy":"post_tag","embeddable":true,"href":"https:\/\/blogs.correiobraziliense.com.br\/servidor\/wp-json\/wp\/v2\/tags?post=21309"}],"curies":[{"name":"wp","href":"https:\/\/api.w.org\/{rel}","templated":true}]}}