{"id":213,"date":"2015-04-29T12:21:00","date_gmt":"2015-04-29T15:21:00","guid":{"rendered":"https:\/\/blogs.correiobraziliense.com.br\/servidor\/mp_665_mudancas_no_seguro-desemprego_e_abono_salarial_podem_ser_votadas_hoje\/"},"modified":"2015-04-29T12:21:00","modified_gmt":"2015-04-29T15:21:00","slug":"mp_665_mudancas_no_seguro-desemprego_e_abono_salarial_podem_ser_votadas_hoje","status":"publish","type":"post","link":"https:\/\/blogs.correiobraziliense.com.br\/servidor\/mp_665_mudancas_no_seguro-desemprego_e_abono_salarial_podem_ser_votadas_hoje\/","title":{"rendered":"MP 665: MUDAN\u00c7AS NO SEGURO-DESEMPREGO E ABONO SALARIAL PODEM SER VOTADAS HOJE"},"content":{"rendered":"<p>A reuni\u00e3o para vota\u00e7\u00e3o  do parecer poder\u00e1 acontecer no plen\u00e1rio n\u00ba 6 da ala Nilo Coelho, no Senado  Federal, a partir das 14h30. <\/p>\n<p>A comiss\u00e3o mista que  analisa a medida provis\u00f3ria do seguro-desemprego (MP 665\/14) tenta novamente  votar o parecer do relator nesta quarta-feira (29). Na semana passada, a vota\u00e7\u00e3o  do parecer do senador Paulo Rocha (PT-PA), foi adiada por diverg\u00eancias de  encaminhamentos na vota\u00e7\u00e3o das emendas. &nbsp; Paulo Rocha explicou que  o adiamento ocorreu por causa da vota\u00e7\u00e3o do projeto de lei da terceiriza\u00e7\u00e3o (PL  4.330\/04) no Plen\u00e1rio da C\u00e2mara. \u201cUma parte das centrais concorda com a  terceiriza\u00e7\u00e3o, outra n\u00e3o. Como l\u00e1 [na C\u00e2mara] est\u00e3o aprovando a terceiriza\u00e7\u00e3o a  toque de caixa, aqui est\u00e3o querendo adiar o debate\u201d, afirmou.   &nbsp; O senador acredita que  seu relat\u00f3rio ser\u00e1 aprovado nesta semana. \u201cA dificuldade \u00e9 mais no procedimento  que no m\u00e9rito.\u201d &nbsp; <b>Benef\u00edcios  alterados<\/b> &nbsp; A MP 665\/14 altera as  regras para concess\u00e3o de seguro-desemprego. De acordo com o texto, desde mar\u00e7o,  o trabalhador demitido tem de comprovar 18 meses de carteira assinada \u2013  computados nos \u00faltimos dois anos \u2013 para receber o benef\u00edcio. Antes eram exigidos  apenas seis meses. Na segunda solicita\u00e7\u00e3o, a car\u00eancia prevista na MP cai para 12  meses e somente a partir da terceira \u00e9 que a car\u00eancia volta para seis  meses.  <\/p>\n<p> A MP altera ainda as  regras do abono salarial de contribuintes do PIS\/Pasep, que s\u00f3 ser\u00e1 pago aos  trabalhadores que comprovarem seis meses ininterruptos de carteira assinada no  ano anterior. Antes, bastava comprovar um m\u00eas. &nbsp; A proposta tamb\u00e9m pro\u00edbe  o ac\u00famulo de benef\u00edcios assistenciais ou previdenci\u00e1rios com o seguro defeso.  Equivalente a um sal\u00e1rio m\u00ednimo, o seguro defeso \u00e9 pago aos pescadores que  precisam deixar de exercer sua atividade em certos per\u00edodos do ano em favor da  reprodu\u00e7\u00e3o de peixes. &nbsp; A comprova\u00e7\u00e3o do tempo  de exerc\u00edcio da atividade para a obten\u00e7\u00e3o desse benef\u00edcio subiu de um para tr\u00eas  anos e ser\u00e1 necess\u00e1rio contribuir para a Previd\u00eancia Social por pelo menos um  ano. &nbsp; <\/p>\n<p>Bras\u00edlia, 12h20min <\/p>\n<p> &nbsp;   <\/p>\n","protected":false},"excerpt":{"rendered":"<p>A reuni\u00e3o para vota\u00e7\u00e3o do parecer poder\u00e1 acontecer no plen\u00e1rio n\u00ba 6 da ala Nilo Coelho, no Senado Federal, a partir das 14h30. A comiss\u00e3o mista que analisa a medida provis\u00f3ria do seguro-desemprego (MP 665\/14) tenta novamente votar o parecer do relator nesta quarta-feira (29). Na semana passada, a vota\u00e7\u00e3o do parecer do senador Paulo Rocha (PT-PA), foi adiada por [&hellip;]<\/p>\n","protected":false},"author":27,"featured_media":0,"comment_status":"open","ping_status":"open","sticky":false,"template":"","format":"standard","meta":{"footnotes":""},"categories":[1],"tags":[],"class_list":["post-213","post","type-post","status-publish","format-standard","hentry","category-sem-categoria"],"_links":{"self":[{"href":"https:\/\/blogs.correiobraziliense.com.br\/servidor\/wp-json\/wp\/v2\/posts\/213","targetHints":{"allow":["GET"]}}],"collection":[{"href":"https:\/\/blogs.correiobraziliense.com.br\/servidor\/wp-json\/wp\/v2\/posts"}],"about":[{"href":"https:\/\/blogs.correiobraziliense.com.br\/servidor\/wp-json\/wp\/v2\/types\/post"}],"author":[{"embeddable":true,"href":"https:\/\/blogs.correiobraziliense.com.br\/servidor\/wp-json\/wp\/v2\/users\/27"}],"replies":[{"embeddable":true,"href":"https:\/\/blogs.correiobraziliense.com.br\/servidor\/wp-json\/wp\/v2\/comments?post=213"}],"version-history":[{"count":0,"href":"https:\/\/blogs.correiobraziliense.com.br\/servidor\/wp-json\/wp\/v2\/posts\/213\/revisions"}],"wp:attachment":[{"href":"https:\/\/blogs.correiobraziliense.com.br\/servidor\/wp-json\/wp\/v2\/media?parent=213"}],"wp:term":[{"taxonomy":"category","embeddable":true,"href":"https:\/\/blogs.correiobraziliense.com.br\/servidor\/wp-json\/wp\/v2\/categories?post=213"},{"taxonomy":"post_tag","embeddable":true,"href":"https:\/\/blogs.correiobraziliense.com.br\/servidor\/wp-json\/wp\/v2\/tags?post=213"}],"curies":[{"name":"wp","href":"https:\/\/api.w.org\/{rel}","templated":true}]}}