{"id":21298,"date":"2024-02-19T12:55:29","date_gmt":"2024-02-19T15:55:29","guid":{"rendered":"https:\/\/blogs.correiobraziliense.com.br\/servidor\/?p=21298"},"modified":"2024-02-19T12:55:29","modified_gmt":"2024-02-19T15:55:29","slug":"dino-ira-propor-pec-para-que-juizes-militares-e-promotores-que-cometerem-crime-grave-sejam-demitidos-do-servico-publico","status":"publish","type":"post","link":"https:\/\/blogs.correiobraziliense.com.br\/servidor\/dino-ira-propor-pec-para-que-juizes-militares-e-promotores-que-cometerem-crime-grave-sejam-demitidos-do-servico-publico\/","title":{"rendered":"Dino ir\u00e1 propor PEC para que ju\u00edzes, militares e promotores que cometerem crime grave sejam demitidos do servi\u00e7o p\u00fablico"},"content":{"rendered":"<h3>Proposta de emenda \u00e0 Constitui\u00e7\u00e3o (PEC) de autoria do senador Fl\u00e1vio Dino (PSB-MA) ser\u00e1 apresentada nesta segunda<\/h3>\n<p>O senador Fl\u00e1vio Dino (PSB-MA) ir\u00e1 propor, nesta segunda-feira (19\/2), uma Proposta de Emenda \u00e0 Constitui\u00e7\u00e3o (PEC), que prev\u00ea a substitui\u00e7\u00e3o das aposentadorias compuls\u00f3rias de ju\u00edzes, militares e promotores que cometerem delitos graves pela exclus\u00e3o do servi\u00e7o p\u00fablico.<\/p>\n<p>No X, antigo Twitter, o senador afirmou que &#8220;n\u00e3o h\u00e1 raz\u00e3o para essa desigualdade de tratamento em rela\u00e7\u00e3o aos demais servidores p\u00fablicos que, por exemplo, praticam crimes como corrup\u00e7\u00e3o ou de gravidade similar.&#8221;<\/p>\n<p>O senador, que tomar\u00e1 posse como ministro do Supremo Tribunal Federal (STF) nesta quinta-feira (22\/2), disse que apresentar\u00e1 outros tr\u00eas projetos de lei antes de se despedir do Senado.<\/p>\n<p>Nas redes sociais, a medida ganhou o apoio de internautas e pol\u00edticos. &#8220;Todo o nosso apoio a essa importante PEC do colega Fl\u00e1vio Dino! Em sua breve passagem pelo Senado, tem sido motivo de orgulho para o povo do Maranh\u00e3o e para todo o Brasil!&#8221;, disse o senador Randolfe Rodrigues (Sem partido-AP).<\/p>\n<p>&#8220;Meu total apoio \u00e0 PEC que ser\u00e1 apresentada por Fl\u00e1vio Dino para excluir do servi\u00e7o p\u00fablico ju\u00edzes, promotores e militares que cometerem delitos graves. Como j\u00e1 declarei antes, considero a aposentadoria compuls\u00f3ria um pr\u00eamio absurdo \u00e0 m\u00e1 conduta, pago pelos contribuintes&#8221;, comentou o senador Weverton Rocha (PDT-MA).<\/p>\n<ul>\n<li><strong>Leia tamb\u00e9m:<\/strong>\u00a0<a href=\"https:\/\/blogs.correiobraziliense.com.br\/servidor\/servidores-que-trabalharem-em-bancas-de-vestibulares-ou-concursos-serao-remunerados\/\" rel=\"bookmark\">Servidores que trabalharem em bancas de vestibulares ou concursos ser\u00e3o remunerados<\/a><\/li>\n<\/ul>\n","protected":false},"excerpt":{"rendered":"<p>Proposta de emenda \u00e0 Constitui\u00e7\u00e3o (PEC) de autoria do senador Fl\u00e1vio Dino (PSB-MA) ser\u00e1 apresentada nesta segunda O senador Fl\u00e1vio Dino (PSB-MA) ir\u00e1 propor, nesta segunda-feira (19\/2), uma Proposta de Emenda \u00e0 Constitui\u00e7\u00e3o (PEC), que prev\u00ea a substitui\u00e7\u00e3o das aposentadorias compuls\u00f3rias de ju\u00edzes, militares e promotores que cometerem delitos graves pela exclus\u00e3o do servi\u00e7o p\u00fablico. No X, antigo Twitter, o [&hellip;]<\/p>\n","protected":false},"author":139,"featured_media":21299,"comment_status":"open","ping_status":"closed","sticky":false,"template":"","format":"standard","meta":{"footnotes":""},"categories":[19524,19497,19512],"tags":[98,2156,696,58,34],"class_list":["post-21298","post","type-post","status-publish","format-standard","has-post-thumbnail","hentry","category-governo-federal","category-servico-publico","category-servidores-publicos","tag-governo","tag-pec","tag-senado","tag-servidores","tag-stf"],"_links":{"self":[{"href":"https:\/\/blogs.correiobraziliense.com.br\/servidor\/wp-json\/wp\/v2\/posts\/21298","targetHints":{"allow":["GET"]}}],"collection":[{"href":"https:\/\/blogs.correiobraziliense.com.br\/servidor\/wp-json\/wp\/v2\/posts"}],"about":[{"href":"https:\/\/blogs.correiobraziliense.com.br\/servidor\/wp-json\/wp\/v2\/types\/post"}],"author":[{"embeddable":true,"href":"https:\/\/blogs.correiobraziliense.com.br\/servidor\/wp-json\/wp\/v2\/users\/139"}],"replies":[{"embeddable":true,"href":"https:\/\/blogs.correiobraziliense.com.br\/servidor\/wp-json\/wp\/v2\/comments?post=21298"}],"version-history":[{"count":1,"href":"https:\/\/blogs.correiobraziliense.com.br\/servidor\/wp-json\/wp\/v2\/posts\/21298\/revisions"}],"predecessor-version":[{"id":21300,"href":"https:\/\/blogs.correiobraziliense.com.br\/servidor\/wp-json\/wp\/v2\/posts\/21298\/revisions\/21300"}],"wp:featuredmedia":[{"embeddable":true,"href":"https:\/\/blogs.correiobraziliense.com.br\/servidor\/wp-json\/wp\/v2\/media\/21299"}],"wp:attachment":[{"href":"https:\/\/blogs.correiobraziliense.com.br\/servidor\/wp-json\/wp\/v2\/media?parent=21298"}],"wp:term":[{"taxonomy":"category","embeddable":true,"href":"https:\/\/blogs.correiobraziliense.com.br\/servidor\/wp-json\/wp\/v2\/categories?post=21298"},{"taxonomy":"post_tag","embeddable":true,"href":"https:\/\/blogs.correiobraziliense.com.br\/servidor\/wp-json\/wp\/v2\/tags?post=21298"}],"curies":[{"name":"wp","href":"https:\/\/api.w.org\/{rel}","templated":true}]}}