{"id":21287,"date":"2024-01-17T13:20:13","date_gmt":"2024-01-17T16:20:13","guid":{"rendered":"https:\/\/blogs.correiobraziliense.com.br\/servidor\/?p=21287"},"modified":"2024-01-17T13:20:13","modified_gmt":"2024-01-17T16:20:13","slug":"pmdf-publica-resultado-do-processo-seletivo-para-prestacao-de-tarefa-por-tempo-certo","status":"publish","type":"post","link":"https:\/\/blogs.correiobraziliense.com.br\/servidor\/pmdf-publica-resultado-do-processo-seletivo-para-prestacao-de-tarefa-por-tempo-certo\/","title":{"rendered":"PMDF publica resultado do processo seletivo para Presta\u00e7\u00e3o de Tarefa por Tempo Certo"},"content":{"rendered":"<p>A Pol\u00edcia Militar do Distrito Federal (PMDF) publicou o resultado do processo seletivo simplificado destinado a policiais inativos para Presta\u00e7\u00e3o de Tarefa por Tempo Certo (PTTC). O documento foi publicado no Di\u00e1rio Oficial do DF (DODF) desta ter\u00e7a-feira (16\/1).<\/p>\n<p>A sele\u00e7\u00e3o visa o preenchimento de 13 vagas. Confira o nome dos candidatos considerados aptos:<\/p>\n<ul>\n<li>Carlos Alberto Emiliano dos Santos;<\/li>\n<li>Israel Laurindo de Sousa;<\/li>\n<li>Renato Avelino da Costa;<\/li>\n<li>Jos\u00e9 Francisco Ara\u00fajo dos Santos;<\/li>\n<li>M\u00e1rcio Rom\u00e9rio de Farias;<\/li>\n<li>M\u00e1rcio Pereira Rodrigues;<\/li>\n<li>Ivan Neudir de Andrade;<\/li>\n<li>Gilson Justino de Gois;<\/li>\n<li>Raimundo Jos\u00e9 da Silva;<\/li>\n<li>Eduardo Janu\u00e1rio Dias;<\/li>\n<li>Quetby Luiz dos Santos;<\/li>\n<li>Cl\u00e1udio Sofonias de Ara\u00fajo;<\/li>\n<li>Dulce Feitosa Soares.<\/li>\n<\/ul>\n<p>Os candidatos convocados dever\u00e3o comparecer \u00e0 Divis\u00e3o de Recrutamento e Sele\u00e7\u00e3o do Departamento de Gest\u00e3o de Pessoal no per\u00edodo entre 17 de janeiro a 15 de fevereiro, para assinatura do termo de compromisso e entrada em exerc\u00edcio na presta\u00e7\u00e3o da tarefa.<\/p>\n<p>Ainda segundo o documento, os selecionados dever\u00e3o comparecer \u00e0 Se\u00e7\u00e3o de Pessoal Civil, da Diretoria de Veteranos, Pensionistas e Civis, ap\u00f3s a assinatura do termo, para serem apresentados nas unidades nas quais exercer\u00e3o a PTTC.<\/p>\n<p>A Presta\u00e7\u00e3o de Tarefa por Tempo Certo (PTTC) \u00e9 uma medida que consiste na execu\u00e7\u00e3o de atividades de natureza militar por militares inativos com larga experi\u00eancia profissional. A a\u00e7\u00e3o \u00e9 justificada pela necessidade do servi\u00e7o, de car\u00e1ter volunt\u00e1rio, por tempo especificado.<\/p>\n<ul>\n<li>Leia tamb\u00e9m:\u00a0<a href=\"https:\/\/blogs.correiobraziliense.com.br\/servidor\/policia-penal-federal-mgi-assina-acordo-para-reestruturacao-da-carreira\/\" rel=\"bookmark\">Pol\u00edcia Penal Federal: MGI assina acordo para reestrutura\u00e7\u00e3o da carreira<\/a><\/li>\n<li><a href=\"https:\/\/blogs.correiobraziliense.com.br\/servidor\/aulas-do-curso-de-gestao-publica-da-enap-comecam-dia-22-de-janeiro\/\" rel=\"bookmark\">Aulas do curso de gest\u00e3o p\u00fablica da Enap come\u00e7am dia 22 de janeiro<\/a><\/li>\n<li><a href=\"https:\/\/blogs.correiobraziliense.com.br\/servidor\/seedf-divulga-edital-de-mestrado-e-doutorado-para-professores\/\" rel=\"bookmark\">SEEDF divulga edital de mestrado e doutorado para professores<\/a><\/li>\n<\/ul>\n","protected":false},"excerpt":{"rendered":"<p>A Pol\u00edcia Militar do Distrito Federal (PMDF) publicou o resultado do processo seletivo simplificado destinado a policiais inativos para Presta\u00e7\u00e3o de Tarefa por Tempo Certo (PTTC). O documento foi publicado no Di\u00e1rio Oficial do DF (DODF) desta ter\u00e7a-feira (16\/1). A sele\u00e7\u00e3o visa o preenchimento de 13 vagas. Confira o nome dos candidatos considerados aptos: Carlos Alberto Emiliano dos Santos; Israel [&hellip;]<\/p>\n","protected":false},"author":139,"featured_media":21288,"comment_status":"open","ping_status":"closed","sticky":false,"template":"","format":"standard","meta":{"footnotes":""},"categories":[19530,19497,2719,19512],"tags":[98,208,58],"class_list":["post-21287","post","type-post","status-publish","format-standard","has-post-thumbnail","hentry","category-seguranca-publica","category-servico-publico","category-servidor","category-servidores-publicos","tag-governo","tag-seguranca","tag-servidores"],"_links":{"self":[{"href":"https:\/\/blogs.correiobraziliense.com.br\/servidor\/wp-json\/wp\/v2\/posts\/21287","targetHints":{"allow":["GET"]}}],"collection":[{"href":"https:\/\/blogs.correiobraziliense.com.br\/servidor\/wp-json\/wp\/v2\/posts"}],"about":[{"href":"https:\/\/blogs.correiobraziliense.com.br\/servidor\/wp-json\/wp\/v2\/types\/post"}],"author":[{"embeddable":true,"href":"https:\/\/blogs.correiobraziliense.com.br\/servidor\/wp-json\/wp\/v2\/users\/139"}],"replies":[{"embeddable":true,"href":"https:\/\/blogs.correiobraziliense.com.br\/servidor\/wp-json\/wp\/v2\/comments?post=21287"}],"version-history":[{"count":1,"href":"https:\/\/blogs.correiobraziliense.com.br\/servidor\/wp-json\/wp\/v2\/posts\/21287\/revisions"}],"predecessor-version":[{"id":21289,"href":"https:\/\/blogs.correiobraziliense.com.br\/servidor\/wp-json\/wp\/v2\/posts\/21287\/revisions\/21289"}],"wp:featuredmedia":[{"embeddable":true,"href":"https:\/\/blogs.correiobraziliense.com.br\/servidor\/wp-json\/wp\/v2\/media\/21288"}],"wp:attachment":[{"href":"https:\/\/blogs.correiobraziliense.com.br\/servidor\/wp-json\/wp\/v2\/media?parent=21287"}],"wp:term":[{"taxonomy":"category","embeddable":true,"href":"https:\/\/blogs.correiobraziliense.com.br\/servidor\/wp-json\/wp\/v2\/categories?post=21287"},{"taxonomy":"post_tag","embeddable":true,"href":"https:\/\/blogs.correiobraziliense.com.br\/servidor\/wp-json\/wp\/v2\/tags?post=21287"}],"curies":[{"name":"wp","href":"https:\/\/api.w.org\/{rel}","templated":true}]}}