{"id":21279,"date":"2024-01-10T18:08:52","date_gmt":"2024-01-10T21:08:52","guid":{"rendered":"https:\/\/blogs.correiobraziliense.com.br\/servidor\/?p=21279"},"modified":"2024-01-10T18:08:52","modified_gmt":"2024-01-10T21:08:52","slug":"seedf-divulga-edital-de-mestrado-e-doutorado-para-professores","status":"publish","type":"post","link":"https:\/\/blogs.correiobraziliense.com.br\/servidor\/seedf-divulga-edital-de-mestrado-e-doutorado-para-professores\/","title":{"rendered":"SEEDF divulga edital de mestrado e doutorado para professores"},"content":{"rendered":"<p><span style=\"font-weight: 400\"><strong>Por Maria Eduarda Maia &#8211;<\/strong> A Secretaria de Estado de Educa\u00e7\u00e3o do Distrito Federal (SEEDF) divulgou nesta quarta-feira (10\/1) o edital para mestrado e doutorado voltado para os servidores das carreiras de magist\u00e9rio e assist\u00eancia \u00e0 educa\u00e7\u00e3o. As informa\u00e7\u00f5es est\u00e3o dispon\u00edveis no <em><a href=\"https:\/\/dodf.df.gov.br\/index\/visualizar-arquivo\/?pasta=2024|01_Janeiro|DODF%20007%2010-01-2024|&amp;arquivo=DODF%20007%2010-01-2024%20INTEGRA.pdf\">Di\u00e1rio Oficial do DF (DODF)<\/a><\/em>. As inscri\u00e7\u00f5es come\u00e7am nesta quinta-feira (11\/1).<\/span><\/p>\n<p><span style=\"font-weight: 400\">O processo seletivo ocorre em duas etapas. Para o 1\u00b0 semestre de 2024, s\u00e3o oferecidas para o magist\u00e9rio o limite de 222 oportunidades em tempo integral, com 111 vagas, sendo distribu\u00eddas em 78 vagas para mestrado e 33 vagas para o doutorado e p\u00f3s-doutorado. As vagas para a 2\u00b0 etapa s\u00e3o remanescentes da 1\u00b0 etapa.\u00a0<\/span><\/p>\n<p><span style=\"font-weight: 400\">J\u00e1 para a carreira de assist\u00eancia \u00e0 educa\u00e7\u00e3o, s\u00e3o oferecidas 84 oportunidades, 42 vagas, sendo 24 para especializa\u00e7\u00e3o, 14 para mestrado e quatro para doutorado e p\u00f3s-doutorado.\u00a0<\/span><\/p>\n<p><span style=\"font-weight: 400\">A portaria estabelece que o servidor est\u00e1vel, em atividade laboral de 20 ou 40 horas semanais, poder\u00e1 se afastar do exerc\u00edcio do cargo efetivo, sem preju\u00edzo da remunera\u00e7\u00e3o.<\/span><\/p>\n<p><span style=\"font-weight: 400\">Para realizar o processo seletivo, o servidor dever\u00e1:<\/span><\/p>\n<ul>\n<li style=\"font-weight: 400\"><span style=\"font-weight: 400\">Estar em efetivo exerc\u00edcio nesta SEEDF h\u00e1, pelo menos: Tr\u00eas anos consecutivos para mestrado, at\u00e9 a data da publica\u00e7\u00e3o no DODF; Quatro anos consecutivos para doutorado ou p\u00f3s-doutorado, at\u00e9 a data da publica\u00e7\u00e3o no DODF.\u00a0<\/span><\/li>\n<li style=\"font-weight: 400\"><span style=\"font-weight: 400\">Estar inscrito, admitido ou matriculado em curso oferecido por IES credenciada e reconhecida pelo Minist\u00e9rio da Educa\u00e7\u00e3o (MEC), para cursos realizados no Brasil, e por \u00f3rg\u00e3o competente do pa\u00eds, para cursos realizados fora do Brasil, at\u00e9 o \u00faltimo dia do per\u00edodo de interposi\u00e7\u00e3o de recurso, conforme cronograma divulgado em edital;\u00a0<\/span><\/li>\n<li style=\"font-weight: 400\"><span style=\"font-weight: 400\">\u00a0Estar inscrito, admitido ou matriculado em programa de p\u00f3s-gradua\u00e7\u00e3o compat\u00edvel com a habilita\u00e7\u00e3o ou a \u00e1rea de atua\u00e7\u00e3o do servidor, a ser avaliado pela Comiss\u00e3o de afastamento remunerado para estudos, at\u00e9 o \u00faltimo dia do per\u00edodo de interposi\u00e7\u00e3o de recurso, conforme cronograma divulgado em edital;<\/span><\/li>\n<li style=\"font-weight: 400\"><span style=\"font-weight: 400\">Frequentar curso que se desenvolva na modalidade de ensino presencial; para curso em n\u00edvel de especializa\u00e7\u00e3o, a carga hor\u00e1ria presencial m\u00ednima dever\u00e1 ser de 9 (nove) horas-aula semanais distribu\u00eddas, no m\u00ednimo, em 3 (tr\u00eas) dias \u00fateis.<\/span><\/li>\n<li style=\"font-weight: 400\"><span style=\"font-weight: 400\">Frequentar curso que se desenvolva na modalidade de ensino semipresencial, no caso de mestrado profissional, a depender das normas do regimento do curso;<\/span><\/li>\n<li style=\"font-weight: 400\"><span style=\"font-weight: 400\">Apresentar o programa do curso que frequenta ou frequentar\u00e1;\u00a0<\/span><\/li>\n<li style=\"font-weight: 400\"><span style=\"font-weight: 400\">Apresentar parecer da chefia imediata para afastamento remunerado para estudos;<\/span><\/li>\n<li style=\"font-weight: 400\"><span style=\"font-weight: 400\">\u00a0Apresentar a rela\u00e7\u00e3o do projeto de pesquisa com a atividade-fim da SEEDF;<\/span><\/li>\n<li style=\"font-weight: 400\"><span style=\"font-weight: 400\">Planejar com a chefia imediata, antes do afastamento, a compensa\u00e7\u00e3o de hor\u00e1rio para curso que exija atividade laboral concomitante com o afastamento, quando for o caso;<\/span><\/li>\n<\/ul>\n<p><span style=\"font-weight: 400\">Para se inscrever, basta entrar no <a href=\"https:\/\/sei.df.gov.br\/sip\/login.php?sigla_orgao_sistema=GDF&amp;sigla_sistema=SEI\">Portal Sistema Eletr\u00f4nico de Informa\u00e7\u00f5es (SEI)<\/a>, selecionando como tipo de processo a op\u00e7\u00e3o \u201cpessoal: afastamento p\u00f3s-gradua\u00e7\u00e3o stricto sensu\u201d e inserir a documenta\u00e7\u00e3o.<\/span><\/p>\n<h3><b>Estudo<\/b><\/h3>\n<p><span style=\"font-weight: 400\">Na prova, ser\u00e3o cobradas quest\u00f5es de pesquisas com foco na <\/span><span style=\"font-weight: 400\">educa\u00e7\u00e3o b\u00e1sica, confira as tem\u00e1ticas:\u00a0<\/span><\/p>\n<ul>\n<li style=\"font-weight: 400\"><span style=\"font-weight: 400\">Modalidades da Educa\u00e7\u00e3o B\u00e1sica;<\/span><\/li>\n<li style=\"font-weight: 400\"><span style=\"font-weight: 400\">Forma\u00e7\u00e3o inicial e continuada de professores;<\/span><\/li>\n<li style=\"font-weight: 400\"><span style=\"font-weight: 400\">Processos de ensino e aprendizagem;<\/span><\/li>\n<li style=\"font-weight: 400\"><span style=\"font-weight: 400\">Curr\u00edculo;<\/span><\/li>\n<li style=\"font-weight: 400\"><span style=\"font-weight: 400\">Organiza\u00e7\u00e3o do trabalho pedag\u00f3gico;<\/span><\/li>\n<li style=\"font-weight: 400\"><span style=\"font-weight: 400\">Avalia\u00e7\u00e3o da aprendizagem;<\/span><\/li>\n<li style=\"font-weight: 400\"><span style=\"font-weight: 400\">Avalia\u00e7\u00e3o em larga escala;<\/span><\/li>\n<li style=\"font-weight: 400\"><span style=\"font-weight: 400\">Avalia\u00e7\u00e3o institucional;<\/span><\/li>\n<li style=\"font-weight: 400\"><span style=\"font-weight: 400\">Tecnologias na educa\u00e7\u00e3o;<\/span><\/li>\n<li style=\"font-weight: 400\"><span style=\"font-weight: 400\">Inova\u00e7\u00e3o na educa\u00e7\u00e3o;<\/span><\/li>\n<li style=\"font-weight: 400\"><span style=\"font-weight: 400\">Inclus\u00e3o educacional;<\/span><\/li>\n<li style=\"font-weight: 400\"><span style=\"font-weight: 400\">Viol\u00eancia escolar;<\/span><\/li>\n<li style=\"font-weight: 400\"><span style=\"font-weight: 400\">Cultura de paz;<\/span><\/li>\n<li style=\"font-weight: 400\"><span style=\"font-weight: 400\">Media\u00e7\u00e3o de conflitos;<\/span><\/li>\n<li style=\"font-weight: 400\"><span style=\"font-weight: 400\">Pol\u00edticas p\u00fablicas educacionais;<\/span><\/li>\n<li style=\"font-weight: 400\"><span style=\"font-weight: 400\">Organiza\u00e7\u00e3o escolar;<\/span><\/li>\n<li style=\"font-weight: 400\"><span style=\"font-weight: 400\">Gest\u00e3o escolar;<\/span><\/li>\n<li style=\"font-weight: 400\"><span style=\"font-weight: 400\">Orienta\u00e7\u00e3o educacional;<\/span><\/li>\n<li style=\"font-weight: 400\"><span style=\"font-weight: 400\">Coordena\u00e7\u00e3o pedag\u00f3gica;<\/span><\/li>\n<li style=\"font-weight: 400\"><span style=\"font-weight: 400\">Financiamento da educa\u00e7\u00e3o; e<\/span><\/li>\n<li style=\"font-weight: 400\"><span style=\"font-weight: 400\">Legisla\u00e7\u00e3o educacional.<\/span><\/li>\n<\/ul>\n<p>Leia mais:\u00a0<a href=\"https:\/\/blogs.correiobraziliense.com.br\/servidor\/secretaria-de-educacao-do-df-abre-vagas-de-estudo-remunerado-a-professores-e-assistentes\/\" rel=\"bookmark\">Secretaria de Educa\u00e7\u00e3o do DF abre vagas de estudo remunerado a professores e assistentes<\/a><\/p>\n<p><a href=\"https:\/\/blogs.correiobraziliense.com.br\/servidor\/medida-provisoria-cria-carreiras-e-reajusta-salarios-da-funai-e-da-agencia-nacional-de-mineracao\/\" rel=\"bookmark\">Medida provis\u00f3ria cria carreiras e reajusta sal\u00e1rios da Funai e da Ag\u00eancia Nacional de Minera\u00e7\u00e3o<\/a><\/p>\n","protected":false},"excerpt":{"rendered":"<p>Por Maria Eduarda Maia &#8211; A Secretaria de Estado de Educa\u00e7\u00e3o do Distrito Federal (SEEDF) divulgou nesta quarta-feira (10\/1) o edital para mestrado e doutorado voltado para os servidores das carreiras de magist\u00e9rio e assist\u00eancia \u00e0 educa\u00e7\u00e3o. As informa\u00e7\u00f5es est\u00e3o dispon\u00edveis no Di\u00e1rio Oficial do DF (DODF). As inscri\u00e7\u00f5es come\u00e7am nesta quinta-feira (11\/1). O processo seletivo ocorre em duas etapas. [&hellip;]<\/p>\n","protected":false},"author":139,"featured_media":21280,"comment_status":"open","ping_status":"closed","sticky":false,"template":"","format":"standard","meta":{"footnotes":""},"categories":[19521,19499,19497,2719,19512],"tags":[93,68,48,98,4722,58],"class_list":["post-21279","post","type-post","status-publish","format-standard","has-post-thumbnail","hentry","category-curso","category-educacao","category-servico-publico","category-servidor","category-servidores-publicos","tag-concurso","tag-df","tag-educacao","tag-governo","tag-secretaria-de-educacao","tag-servidores"],"_links":{"self":[{"href":"https:\/\/blogs.correiobraziliense.com.br\/servidor\/wp-json\/wp\/v2\/posts\/21279","targetHints":{"allow":["GET"]}}],"collection":[{"href":"https:\/\/blogs.correiobraziliense.com.br\/servidor\/wp-json\/wp\/v2\/posts"}],"about":[{"href":"https:\/\/blogs.correiobraziliense.com.br\/servidor\/wp-json\/wp\/v2\/types\/post"}],"author":[{"embeddable":true,"href":"https:\/\/blogs.correiobraziliense.com.br\/servidor\/wp-json\/wp\/v2\/users\/139"}],"replies":[{"embeddable":true,"href":"https:\/\/blogs.correiobraziliense.com.br\/servidor\/wp-json\/wp\/v2\/comments?post=21279"}],"version-history":[{"count":1,"href":"https:\/\/blogs.correiobraziliense.com.br\/servidor\/wp-json\/wp\/v2\/posts\/21279\/revisions"}],"predecessor-version":[{"id":21281,"href":"https:\/\/blogs.correiobraziliense.com.br\/servidor\/wp-json\/wp\/v2\/posts\/21279\/revisions\/21281"}],"wp:featuredmedia":[{"embeddable":true,"href":"https:\/\/blogs.correiobraziliense.com.br\/servidor\/wp-json\/wp\/v2\/media\/21280"}],"wp:attachment":[{"href":"https:\/\/blogs.correiobraziliense.com.br\/servidor\/wp-json\/wp\/v2\/media?parent=21279"}],"wp:term":[{"taxonomy":"category","embeddable":true,"href":"https:\/\/blogs.correiobraziliense.com.br\/servidor\/wp-json\/wp\/v2\/categories?post=21279"},{"taxonomy":"post_tag","embeddable":true,"href":"https:\/\/blogs.correiobraziliense.com.br\/servidor\/wp-json\/wp\/v2\/tags?post=21279"}],"curies":[{"name":"wp","href":"https:\/\/api.w.org\/{rel}","templated":true}]}}