{"id":21276,"date":"2024-01-04T14:37:12","date_gmt":"2024-01-04T17:37:12","guid":{"rendered":"https:\/\/blogs.correiobraziliense.com.br\/servidor\/?p=21276"},"modified":"2024-01-04T14:37:12","modified_gmt":"2024-01-04T17:37:12","slug":"secretaria-de-educacao-do-df-abre-vagas-de-estudo-remunerado-a-professores-e-assistentes","status":"publish","type":"post","link":"https:\/\/blogs.correiobraziliense.com.br\/servidor\/secretaria-de-educacao-do-df-abre-vagas-de-estudo-remunerado-a-professores-e-assistentes\/","title":{"rendered":"Secretaria de Educa\u00e7\u00e3o do DF abre vagas de estudo remunerado a professores e assistentes"},"content":{"rendered":"<p>A Secretaria de Estado de Educa\u00e7\u00e3o do Distrito Federal abriu vagas de estudo remunerado para servidores das carreiras de magist\u00e9rio e assist\u00eancia \u00e0 Educa\u00e7\u00e3o. As informa\u00e7\u00f5es foram publicadas no <a href=\"https:\/\/www.dodf.df.gov.br\/\"><em>Di\u00e1rio Oficial do DF (DODF)<\/em><\/a>, desta quinta-feira (4\/1).<\/p>\n<p>Para o magist\u00e9rio, foi definido o limite de 222 oportunidades em tempo integral ou parcial. As vagas foram divididas entre os seguintes per\u00edodos:<\/p>\n<ul>\n<li>1\u00ba semestre de 2024: 111 vagas, sendo 78 para mestrado e 33 para doutorado e p\u00f3s-doutorado;<\/li>\n<li>2\u00ba semestre de 2024: 111 vagas, sendo 78 para mestrado e 33 para doutorado e p\u00f3s-doutorado.<\/li>\n<\/ul>\n<p>J\u00e1 para a carreira de assist\u00eancia \u00e0 educa\u00e7\u00e3o, s\u00e3o ofertadas 84 vagas. Confira a divis\u00e3o:<\/p>\n<ul>\n<li>1\u00ba semestre de 2024: 42 vagas, sendo 24 para especializa\u00e7\u00e3o, 14 para mestrado e quatro para doutorado e p\u00f3s-doutorado;<\/li>\n<li>2\u00ba semestre de 2024: 42 vagas, sendo 24 para especializa\u00e7\u00e3o, 14 para mestrado e quatro para doutorado e p\u00f3s-doutorado.<\/li>\n<\/ul>\n<p>Segundo o documento, as vagas remanescentes do primeiro semestre ser\u00e3o acrescidas \u00e0s vagas do segundo, mas n\u00e3o ser\u00e3o cumulativas para o ano seguinte.<\/p>\n<p>A medida segue a <a href=\"https:\/\/www.sinj.df.gov.br\/sinj\/Norma\/92de9ba1c7fe415d9e57a6893fadb686\/Portaria_210_19_06_2019.html\">portaria n\u00ba 210, de 19 de junho de 2019<\/a>, que trata do afastamento remunerado para estudos dos servidores do magist\u00e9rio p\u00fablico.<\/p>\n<p>A portaria estabelece que o servidor est\u00e1vel, em regime laboral de 20 ou 40 horas semanais, poder\u00e1 se afastar do exerc\u00edcio do cargo efetivo, sem preju\u00edzo da remunera\u00e7\u00e3o, para participar de programas de p\u00f3s-gradua\u00e7\u00e3o no pa\u00eds ou no exterior, desde que a participa\u00e7\u00e3o n\u00e3o ocorra simultaneamente com o exerc\u00edcio do cargo ou mediante compensa\u00e7\u00e3o de hor\u00e1rio.<\/p>\n<p>O afastamento ocorre por meio de processo seletivo semestral, realizado pela Subsecretaria de Forma\u00e7\u00e3o Continuada dos Profissionais da Educa\u00e7\u00e3o (Eape) em edital espec\u00edfico.<\/p>\n<h3>Tem\u00e1ticas de estudo<\/h3>\n<p>O projeto a ser desenvolvido durante o afastamento dever\u00e1 compreender pesquisas com foco na Educa\u00e7\u00e3o B\u00e1sica, nas seguintes tem\u00e1ticas:<\/p>\n<ul>\n<li>Etapas da Educa\u00e7\u00e3o B\u00e1sica;<\/li>\n<li>Modalidades da Educa\u00e7\u00e3o B\u00e1sica;<\/li>\n<li>Forma\u00e7\u00e3o inicial e continuada de professores;<\/li>\n<li>Processos de ensino e aprendizagem;<\/li>\n<li>Curr\u00edculo;<\/li>\n<li>Organiza\u00e7\u00e3o do trabalho pedag\u00f3gico;<\/li>\n<li>Avalia\u00e7\u00e3o da aprendizagem;<\/li>\n<li>Avalia\u00e7\u00e3o em larga escala;<\/li>\n<li>Avalia\u00e7\u00e3o institucional;<\/li>\n<li>Tecnologias na educa\u00e7\u00e3o;<\/li>\n<li>Inova\u00e7\u00e3o na educa\u00e7\u00e3o;<\/li>\n<li>Inclus\u00e3o educacional;<\/li>\n<li>Viol\u00eancia escolar;<\/li>\n<li>Cultura de paz;<\/li>\n<li>Media\u00e7\u00e3o de conflitos;<\/li>\n<li>Pol\u00edticas p\u00fablicas educacionais;<\/li>\n<li>Organiza\u00e7\u00e3o escolar;<\/li>\n<li>Gest\u00e3o escolar;<\/li>\n<li>Orienta\u00e7\u00e3o educacional;<\/li>\n<li>Coordena\u00e7\u00e3o pedag\u00f3gica;<\/li>\n<li>Financiamento da educa\u00e7\u00e3o; e<\/li>\n<li>Legisla\u00e7\u00e3o educacional.<\/li>\n<\/ul>\n<p>Leia tamb\u00e9m:\u00a0<a href=\"https:\/\/blogs.correiobraziliense.com.br\/servidor\/medida-provisoria-cria-carreiras-e-reajusta-salarios-da-funai-e-da-agencia-nacional-de-mineracao\/\" rel=\"bookmark\">Medida provis\u00f3ria cria carreiras e reajusta sal\u00e1rios da Funai e da Ag\u00eancia Nacional de Minera\u00e7\u00e3o<\/a><\/p>\n<p><a href=\"https:\/\/blogs.correiobraziliense.com.br\/servidor\/reajuste-salarial-governo-assina-proposta-que-reestrutura-carreiras-da-seguranca-publica\/\" rel=\"bookmark\">Reajuste salarial: governo assina proposta que reestrutura carreiras da Seguran\u00e7a P\u00fablica<\/a><\/p>\n<p><a href=\"https:\/\/blogs.correiobraziliense.com.br\/servidor\/governo-apresenta-proposta-de-auxilio-alimentacao-de-r-1-mil-para-servidores\/\" rel=\"bookmark\">Governo apresenta proposta de aux\u00edlio-alimenta\u00e7\u00e3o de R$ 1 mil para servidores<\/a><\/p>\n","protected":false},"excerpt":{"rendered":"<p>A Secretaria de Estado de Educa\u00e7\u00e3o do Distrito Federal abriu vagas de estudo remunerado para servidores das carreiras de magist\u00e9rio e assist\u00eancia \u00e0 Educa\u00e7\u00e3o. As informa\u00e7\u00f5es foram publicadas no Di\u00e1rio Oficial do DF (DODF), desta quinta-feira (4\/1). Para o magist\u00e9rio, foi definido o limite de 222 oportunidades em tempo integral ou parcial. As vagas foram divididas entre os seguintes per\u00edodos: [&hellip;]<\/p>\n","protected":false},"author":139,"featured_media":21277,"comment_status":"open","ping_status":"closed","sticky":false,"template":"","format":"standard","meta":{"footnotes":""},"categories":[19499,19497,2719,19512],"tags":[48,1287,394,2976,8,58],"class_list":["post-21276","post","type-post","status-publish","format-standard","has-post-thumbnail","hentry","category-educacao","category-servico-publico","category-servidor","category-servidores-publicos","tag-educacao","tag-estudo","tag-magisterio","tag-professores","tag-servidor","tag-servidores"],"_links":{"self":[{"href":"https:\/\/blogs.correiobraziliense.com.br\/servidor\/wp-json\/wp\/v2\/posts\/21276","targetHints":{"allow":["GET"]}}],"collection":[{"href":"https:\/\/blogs.correiobraziliense.com.br\/servidor\/wp-json\/wp\/v2\/posts"}],"about":[{"href":"https:\/\/blogs.correiobraziliense.com.br\/servidor\/wp-json\/wp\/v2\/types\/post"}],"author":[{"embeddable":true,"href":"https:\/\/blogs.correiobraziliense.com.br\/servidor\/wp-json\/wp\/v2\/users\/139"}],"replies":[{"embeddable":true,"href":"https:\/\/blogs.correiobraziliense.com.br\/servidor\/wp-json\/wp\/v2\/comments?post=21276"}],"version-history":[{"count":1,"href":"https:\/\/blogs.correiobraziliense.com.br\/servidor\/wp-json\/wp\/v2\/posts\/21276\/revisions"}],"predecessor-version":[{"id":21278,"href":"https:\/\/blogs.correiobraziliense.com.br\/servidor\/wp-json\/wp\/v2\/posts\/21276\/revisions\/21278"}],"wp:featuredmedia":[{"embeddable":true,"href":"https:\/\/blogs.correiobraziliense.com.br\/servidor\/wp-json\/wp\/v2\/media\/21277"}],"wp:attachment":[{"href":"https:\/\/blogs.correiobraziliense.com.br\/servidor\/wp-json\/wp\/v2\/media?parent=21276"}],"wp:term":[{"taxonomy":"category","embeddable":true,"href":"https:\/\/blogs.correiobraziliense.com.br\/servidor\/wp-json\/wp\/v2\/categories?post=21276"},{"taxonomy":"post_tag","embeddable":true,"href":"https:\/\/blogs.correiobraziliense.com.br\/servidor\/wp-json\/wp\/v2\/tags?post=21276"}],"curies":[{"name":"wp","href":"https:\/\/api.w.org\/{rel}","templated":true}]}}