{"id":21271,"date":"2023-12-29T12:15:54","date_gmt":"2023-12-29T15:15:54","guid":{"rendered":"https:\/\/blogs.correiobraziliense.com.br\/servidor\/?p=21271"},"modified":"2023-12-29T12:15:54","modified_gmt":"2023-12-29T15:15:54","slug":"reajuste-salarial-governo-assina-proposta-que-reestrutura-carreiras-da-seguranca-publica","status":"publish","type":"post","link":"https:\/\/blogs.correiobraziliense.com.br\/servidor\/reajuste-salarial-governo-assina-proposta-que-reestrutura-carreiras-da-seguranca-publica\/","title":{"rendered":"Reajuste salarial: governo assina proposta que reestrutura carreiras da Seguran\u00e7a P\u00fablica"},"content":{"rendered":"<p>O Minist\u00e9rio da Gest\u00e3o e da Inova\u00e7\u00e3o em Servi\u00e7os P\u00fablicos (MGI) assinou a proposta que reestrutura carreiras da Seguran\u00e7a P\u00fablica. Os acordos foram aprovados, de maneira un\u00e2nime ou por maioria, em vota\u00e7\u00f5es nas entidades sindicais. A assinatura ocorreu nesta quinta-feira (28\/12).<\/p>\n<p>A medida estabelece a reestrutura\u00e7\u00e3o remunerat\u00f3ria para seis carreiras: delegado, perito criminal, agente, escriv\u00e3o e papiloscopista da Pol\u00edcia Federal (PF) e policial rodovi\u00e1rio federal (PRF). Os valores ser\u00e3o repassados em agosto de 2024, maio de 2025 e maio de 2026.<\/p>\n<p>Na negocia\u00e7\u00e3o, o governo federal foi representado pela Secretaria de Rela\u00e7\u00f5es de Trabalho do MGI. Os delegados e peritos foram representados pela Federa\u00e7\u00e3o Nacional dos Delegados de Pol\u00edcia Federal (Fenadepol), pela Associa\u00e7\u00e3o Nacional dos Delegados de Pol\u00edcia Federal (ADPF) e pela Associa\u00e7\u00e3o Nacional dos Peritos Criminais Federais (APCF).\u202fOs agentes, escriv\u00e3es e papiloscopistas foram representados pela Federa\u00e7\u00e3o Nacional dos Policiais Federais (Fenapef) e os policiais rodovi\u00e1rios federais foram representados pela Federa\u00e7\u00e3o Nacional dos Policiais Rodovi\u00e1rios Federais (FENAPRF).<\/p>\n<p>As a\u00e7\u00f5es ocorrem no \u00e2mbito da Mesa Nacional de Negocia\u00e7\u00e3o Permanente (MNNP). Em mar\u00e7o, foi assinado acordo que resultou em 9% de reajuste salarial para todos os servidores p\u00fablicos federais e aumento de 43,6% no aux\u00edlio-alimenta\u00e7\u00e3o, que passou de R$ 458 para R$ 658.<\/p>\n<p>Na reuni\u00e3o, que ocorreu em 18 de dezembro, foi apresentada proposta de reajuste do aux\u00edlio-alimenta\u00e7\u00e3o para 51,9% a partir de maio, que passa a ser de R$ 1 mil, al\u00e9m de aumento na assist\u00eancia \u00e0 sa\u00fade complementar, que hoje \u00e9 de R$ 144,38 e passa para R$ 215. Tamb\u00e9m foi apresentado a proposta de acr\u00e9scimo na assist\u00eancia pr\u00e9-escolar, que passa de R$ 321 para R$ 484,90.<\/p>\n<ul>\n<li><a href=\"https:\/\/blogs.correiobraziliense.com.br\/servidor\/governo-apresenta-proposta-de-auxilio-alimentacao-de-r-1-mil-para-servidores\/\" rel=\"bookmark\">Governo apresenta proposta de aux\u00edlio-alimenta\u00e7\u00e3o de R$ 1 mil para servidores<\/a><\/li>\n<li><a href=\"https:\/\/blogs.correiobraziliense.com.br\/servidor\/servidores-nao-serao-penalizados-por-dividas-do-mme-diz-alexandre-silveira\/\" rel=\"bookmark\">Servidores n\u00e3o ser\u00e3o penalizados por d\u00edvidas do MME, diz Alexandre Silveira<\/a><\/li>\n<li><a href=\"https:\/\/blogs.correiobraziliense.com.br\/servidor\/com-vetos-lula-sanciona-lei-que-gratifica-acumulo-de-funcao-de-defensor-publico\/\" rel=\"bookmark\">Com vetos, Lula sanciona lei que gratifica ac\u00famulo de fun\u00e7\u00e3o de defensor p\u00fablico<\/a><\/li>\n<\/ul>\n","protected":false},"excerpt":{"rendered":"<p>O Minist\u00e9rio da Gest\u00e3o e da Inova\u00e7\u00e3o em Servi\u00e7os P\u00fablicos (MGI) assinou a proposta que reestrutura carreiras da Seguran\u00e7a P\u00fablica. Os acordos foram aprovados, de maneira un\u00e2nime ou por maioria, em vota\u00e7\u00f5es nas entidades sindicais. A assinatura ocorreu nesta quinta-feira (28\/12). A medida estabelece a reestrutura\u00e7\u00e3o remunerat\u00f3ria para seis carreiras: delegado, perito criminal, agente, escriv\u00e3o e papiloscopista da Pol\u00edcia Federal [&hellip;]<\/p>\n","protected":false},"author":139,"featured_media":11920,"comment_status":"open","ping_status":"closed","sticky":false,"template":"","format":"standard","meta":{"footnotes":""},"categories":[19524,19517,19530,19497,2719,19512],"tags":[98,63,3946,30,208,8,58,261],"class_list":["post-21271","post","type-post","status-publish","format-standard","has-post-thumbnail","hentry","category-governo-federal","category-reajuste-salarial","category-seguranca-publica","category-servico-publico","category-servidor","category-servidores-publicos","tag-governo","tag-reajuste","tag-reajuste-salarial","tag-salarios","tag-seguranca","tag-servidor","tag-servidores","tag-trabalho"],"_links":{"self":[{"href":"https:\/\/blogs.correiobraziliense.com.br\/servidor\/wp-json\/wp\/v2\/posts\/21271","targetHints":{"allow":["GET"]}}],"collection":[{"href":"https:\/\/blogs.correiobraziliense.com.br\/servidor\/wp-json\/wp\/v2\/posts"}],"about":[{"href":"https:\/\/blogs.correiobraziliense.com.br\/servidor\/wp-json\/wp\/v2\/types\/post"}],"author":[{"embeddable":true,"href":"https:\/\/blogs.correiobraziliense.com.br\/servidor\/wp-json\/wp\/v2\/users\/139"}],"replies":[{"embeddable":true,"href":"https:\/\/blogs.correiobraziliense.com.br\/servidor\/wp-json\/wp\/v2\/comments?post=21271"}],"version-history":[{"count":1,"href":"https:\/\/blogs.correiobraziliense.com.br\/servidor\/wp-json\/wp\/v2\/posts\/21271\/revisions"}],"predecessor-version":[{"id":21272,"href":"https:\/\/blogs.correiobraziliense.com.br\/servidor\/wp-json\/wp\/v2\/posts\/21271\/revisions\/21272"}],"wp:featuredmedia":[{"embeddable":true,"href":"https:\/\/blogs.correiobraziliense.com.br\/servidor\/wp-json\/wp\/v2\/media\/11920"}],"wp:attachment":[{"href":"https:\/\/blogs.correiobraziliense.com.br\/servidor\/wp-json\/wp\/v2\/media?parent=21271"}],"wp:term":[{"taxonomy":"category","embeddable":true,"href":"https:\/\/blogs.correiobraziliense.com.br\/servidor\/wp-json\/wp\/v2\/categories?post=21271"},{"taxonomy":"post_tag","embeddable":true,"href":"https:\/\/blogs.correiobraziliense.com.br\/servidor\/wp-json\/wp\/v2\/tags?post=21271"}],"curies":[{"name":"wp","href":"https:\/\/api.w.org\/{rel}","templated":true}]}}