{"id":21266,"date":"2023-11-27T14:48:53","date_gmt":"2023-11-27T17:48:53","guid":{"rendered":"https:\/\/blogs.correiobraziliense.com.br\/servidor\/?p=21266"},"modified":"2023-11-27T14:48:53","modified_gmt":"2023-11-27T17:48:53","slug":"servidores-nao-serao-penalizados-por-dividas-do-mme-diz-alexandre-silveira","status":"publish","type":"post","link":"https:\/\/blogs.correiobraziliense.com.br\/servidor\/servidores-nao-serao-penalizados-por-dividas-do-mme-diz-alexandre-silveira\/","title":{"rendered":"Servidores n\u00e3o ser\u00e3o penalizados por d\u00edvidas do MME, diz Alexandre Silveira"},"content":{"rendered":"<p>O ministro de Minas e Energia, Alexandre Silveira, falou sobre as d\u00edvidas do Minist\u00e9rio com a Uni\u00e3o, que est\u00e1 na casa de R$ 165 bilh\u00f5es. Durante entrevista no quadro <em>Caf\u00e9 com Pol\u00edtica<\/em>, da <em>FM O Tempo<\/em>, em 20 de novembro, ele afirmou que os servidores p\u00fablicos n\u00e3o ser\u00e3o penalizados.<\/p>\n<p>&#8220;O servidor n\u00e3o plantou e n\u00e3o pode arcar com essa d\u00edvida&#8221;, afirmou. Na conversa, Silveira falou sobre as estrat\u00e9gias que est\u00e3o sendo constru\u00eddas pelo presidente do Senado Federal, Rodrigo Pacheco (PSD), para lidar com a situa\u00e7\u00e3o.<\/p>\n<p>&#8220;Um governo que n\u00e3o pagou nenhum centavo da d\u00edvida p\u00fablica, apenas colocou o sal\u00e1rio dos servidores em dia, e agora quer penalizar esse mesmo servidor. N\u00f3s precisamos evitar isso. J\u00e1 sabemos de tudo isso, e eu falo apenas para que a popula\u00e7\u00e3o tenha clareza do que est\u00e1 acontecendo em Minas Gerais. Mas o servidor ser\u00e1 poupado. No que depender de mim, do presidente Lula, da bancada de parlamentares, ser\u00e1 poupado&#8221;, completou.<\/p>\n<ul>\n<li><strong>Leia mais:\u00a0<\/strong><a href=\"https:\/\/blogs.correiobraziliense.com.br\/servidor\/com-vetos-lula-sanciona-lei-que-gratifica-acumulo-de-funcao-de-defensor-publico\/\" rel=\"bookmark\">Com vetos, Lula sanciona lei que gratifica ac\u00famulo de fun\u00e7\u00e3o de defensor p\u00fablico<\/a><\/li>\n<li><a href=\"https:\/\/blogs.correiobraziliense.com.br\/servidor\/defensoria-publica-do-df-apresenta-pl-que-reserva-52-das-vagas-a-minorias-em-concursos-do-orgao\/\" rel=\"bookmark\">Defensoria P\u00fablica do DF apresenta PL que reserva 52% das vagas para minorias em concursos do \u00f3rg\u00e3o<\/a><\/li>\n<li><a href=\"https:\/\/blogs.correiobraziliense.com.br\/servidor\/comissao-do-senado-aprova-que-gestantes-possam-remarcar-testes-fisicos-em-concursos\/\" rel=\"bookmark\">Comiss\u00e3o do Senado aprova que gestantes possam remarcar testes f\u00edsicos em concursos<\/a><\/li>\n<\/ul>\n","protected":false},"excerpt":{"rendered":"<p>O ministro de Minas e Energia, Alexandre Silveira, falou sobre as d\u00edvidas do Minist\u00e9rio com a Uni\u00e3o, que est\u00e1 na casa de R$ 165 bilh\u00f5es. Durante entrevista no quadro Caf\u00e9 com Pol\u00edtica, da FM O Tempo, em 20 de novembro, ele afirmou que os servidores p\u00fablicos n\u00e3o ser\u00e3o penalizados. &#8220;O servidor n\u00e3o plantou e n\u00e3o pode arcar com essa d\u00edvida&#8221;, [&hellip;]<\/p>\n","protected":false},"author":139,"featured_media":21267,"comment_status":"open","ping_status":"closed","sticky":false,"template":"","format":"standard","meta":{"footnotes":""},"categories":[19524,19497,2719,19512],"tags":[1461,98,3050,8,58,19],"class_list":["post-21266","post","type-post","status-publish","format-standard","has-post-thumbnail","hentry","category-governo-federal","category-servico-publico","category-servidor","category-servidores-publicos","tag-divida","tag-governo","tag-ministerio-de-minas-e-energia","tag-servidor","tag-servidores","tag-trabalhadores"],"_links":{"self":[{"href":"https:\/\/blogs.correiobraziliense.com.br\/servidor\/wp-json\/wp\/v2\/posts\/21266","targetHints":{"allow":["GET"]}}],"collection":[{"href":"https:\/\/blogs.correiobraziliense.com.br\/servidor\/wp-json\/wp\/v2\/posts"}],"about":[{"href":"https:\/\/blogs.correiobraziliense.com.br\/servidor\/wp-json\/wp\/v2\/types\/post"}],"author":[{"embeddable":true,"href":"https:\/\/blogs.correiobraziliense.com.br\/servidor\/wp-json\/wp\/v2\/users\/139"}],"replies":[{"embeddable":true,"href":"https:\/\/blogs.correiobraziliense.com.br\/servidor\/wp-json\/wp\/v2\/comments?post=21266"}],"version-history":[{"count":1,"href":"https:\/\/blogs.correiobraziliense.com.br\/servidor\/wp-json\/wp\/v2\/posts\/21266\/revisions"}],"predecessor-version":[{"id":21268,"href":"https:\/\/blogs.correiobraziliense.com.br\/servidor\/wp-json\/wp\/v2\/posts\/21266\/revisions\/21268"}],"wp:featuredmedia":[{"embeddable":true,"href":"https:\/\/blogs.correiobraziliense.com.br\/servidor\/wp-json\/wp\/v2\/media\/21267"}],"wp:attachment":[{"href":"https:\/\/blogs.correiobraziliense.com.br\/servidor\/wp-json\/wp\/v2\/media?parent=21266"}],"wp:term":[{"taxonomy":"category","embeddable":true,"href":"https:\/\/blogs.correiobraziliense.com.br\/servidor\/wp-json\/wp\/v2\/categories?post=21266"},{"taxonomy":"post_tag","embeddable":true,"href":"https:\/\/blogs.correiobraziliense.com.br\/servidor\/wp-json\/wp\/v2\/tags?post=21266"}],"curies":[{"name":"wp","href":"https:\/\/api.w.org\/{rel}","templated":true}]}}