{"id":21257,"date":"2023-11-15T21:17:40","date_gmt":"2023-11-16T00:17:40","guid":{"rendered":"https:\/\/blogs.correiobraziliense.com.br\/servidor\/?p=21257"},"modified":"2023-11-15T21:39:01","modified_gmt":"2023-11-16T00:39:01","slug":"defensoria-publica-do-df-apresenta-pl-que-reserva-52-das-vagas-a-minorias-em-concursos-do-orgao","status":"publish","type":"post","link":"https:\/\/blogs.correiobraziliense.com.br\/servidor\/defensoria-publica-do-df-apresenta-pl-que-reserva-52-das-vagas-a-minorias-em-concursos-do-orgao\/","title":{"rendered":"Defensoria P\u00fablica do DF apresenta PL que reserva 52% das vagas para minorias em concursos do \u00f3rg\u00e3o"},"content":{"rendered":"<h2>Texto pede reserva dos cargos para negros, quilombolas, ind\u00edgenas e pessoas com defici\u00eancia<\/h2>\n<p>Um projeto de lei apresentado pela Defensoria P\u00fablica do Distrito Federal (DPDF) prev\u00ea a reserva de 52% das oportunidades abertas em concursos p\u00fablicos do \u00f3rg\u00e3o para candidatos negros, quilombolas, ind\u00edgenas e pessoas com defici\u00eancia.<\/p>\n<p>O projeto, enviado \u00e0 C\u00e2mara Legislativa do DF (CLDF) na sexta-feira (10\/11), tem como objetivo assegurar vagas \u00e0s minorias nos certames destinados ao provimento de vagas efetivas da institui\u00e7\u00e3o.<\/p>\n<p>A previs\u00e3o \u00e9 de que, em todos os concursos com vagas igual ou superior a tr\u00eas, sejam ofertados os seguintes percentuais: 30% para candidatos negros (pretos e pardos); 20% para pessoas com defici\u00eancia; e 2% para ind\u00edgenas e quilombolas.<\/p>\n<p>Esses candidatos tamb\u00e9m concorrer\u00e3o \u00e0s vagas reservadas \u00e0 ampla concorr\u00eancia. O projeto institui a pol\u00edtica de forma\u00e7\u00e3o continuada para equidade \u00e9tnico-racial e de g\u00eanero no \u00e2mbito da DPDF.<\/p>\n<p>Outra novidade prevista na proposta \u00e9 que as provas dos pr\u00f3ximos concursos dever\u00e3o contar com obras, preferencialmente escritas por autores negros, ind\u00edgenas e\/ou quilombolas, no conte\u00fado program\u00e1tico.<\/p>\n<ul>\n<li><strong>Leia mais:<\/strong>\u00a0<a href=\"https:\/\/blogs.correiobraziliense.com.br\/servidor\/comissao-do-senado-aprova-que-gestantes-possam-remarcar-testes-fisicos-em-concursos\/\" rel=\"bookmark\">Comiss\u00e3o do Senado aprova que gestantes possam remarcar testes f\u00edsicos em concursos<\/a><\/li>\n<li><a href=\"https:\/\/blogs.correiobraziliense.com.br\/servidor\/governo-federal-assina-acordo-que-cria-a-carreira-de-indigenista-e-reestrutura-cargos-da-funai\/\" rel=\"bookmark\">Governo Federal assina acordo que cria a carreira de indigenista e reestrutura cargos da Funai<\/a><\/li>\n<li><a href=\"https:\/\/blogs.correiobraziliense.com.br\/servidor\/enap-realiza-a-competicao-datathon-desigualdades-raciais-no-servico-publico\/\" rel=\"bookmark\">ENAP realiza a competi\u00e7\u00e3o \u201cDATATHON: Desigualdades Raciais no Servi\u00e7o P\u00fablico\u201d<\/a><\/li>\n<\/ul>\n","protected":false},"excerpt":{"rendered":"<p>Texto pede reserva dos cargos para negros, quilombolas, ind\u00edgenas e pessoas com defici\u00eancia Um projeto de lei apresentado pela Defensoria P\u00fablica do Distrito Federal (DPDF) prev\u00ea a reserva de 52% das oportunidades abertas em concursos p\u00fablicos do \u00f3rg\u00e3o para candidatos negros, quilombolas, ind\u00edgenas e pessoas com defici\u00eancia. O projeto, enviado \u00e0 C\u00e2mara Legislativa do DF (CLDF) na sexta-feira (10\/11), tem [&hellip;]<\/p>\n","protected":false},"author":139,"featured_media":21258,"comment_status":"open","ping_status":"closed","sticky":false,"template":"","format":"standard","meta":{"footnotes":""},"categories":[19515,19497,2719,19512],"tags":[93,23,96,4828,98,58,19],"class_list":["post-21257","post","type-post","status-publish","format-standard","has-post-thumbnail","hentry","category-cldf","category-servico-publico","category-servidor","category-servidores-publicos","tag-concurso","tag-concursos","tag-cotas","tag-dpdf","tag-governo","tag-servidores","tag-trabalhadores"],"_links":{"self":[{"href":"https:\/\/blogs.correiobraziliense.com.br\/servidor\/wp-json\/wp\/v2\/posts\/21257","targetHints":{"allow":["GET"]}}],"collection":[{"href":"https:\/\/blogs.correiobraziliense.com.br\/servidor\/wp-json\/wp\/v2\/posts"}],"about":[{"href":"https:\/\/blogs.correiobraziliense.com.br\/servidor\/wp-json\/wp\/v2\/types\/post"}],"author":[{"embeddable":true,"href":"https:\/\/blogs.correiobraziliense.com.br\/servidor\/wp-json\/wp\/v2\/users\/139"}],"replies":[{"embeddable":true,"href":"https:\/\/blogs.correiobraziliense.com.br\/servidor\/wp-json\/wp\/v2\/comments?post=21257"}],"version-history":[{"count":2,"href":"https:\/\/blogs.correiobraziliense.com.br\/servidor\/wp-json\/wp\/v2\/posts\/21257\/revisions"}],"predecessor-version":[{"id":21261,"href":"https:\/\/blogs.correiobraziliense.com.br\/servidor\/wp-json\/wp\/v2\/posts\/21257\/revisions\/21261"}],"wp:featuredmedia":[{"embeddable":true,"href":"https:\/\/blogs.correiobraziliense.com.br\/servidor\/wp-json\/wp\/v2\/media\/21258"}],"wp:attachment":[{"href":"https:\/\/blogs.correiobraziliense.com.br\/servidor\/wp-json\/wp\/v2\/media?parent=21257"}],"wp:term":[{"taxonomy":"category","embeddable":true,"href":"https:\/\/blogs.correiobraziliense.com.br\/servidor\/wp-json\/wp\/v2\/categories?post=21257"},{"taxonomy":"post_tag","embeddable":true,"href":"https:\/\/blogs.correiobraziliense.com.br\/servidor\/wp-json\/wp\/v2\/tags?post=21257"}],"curies":[{"name":"wp","href":"https:\/\/api.w.org\/{rel}","templated":true}]}}